{"id":12404,"date":"2025-03-26T12:18:27","date_gmt":"2025-03-26T11:18:27","guid":{"rendered":"https:\/\/agorafabrics.com\/fine-dellanno-riepilogo-della-fine-dellanno-di-agora\/"},"modified":"2026-02-27T15:46:37","modified_gmt":"2026-02-27T14:46:37","slug":"fine-dellanno-riepilogo-della-fine-dellanno-di-agora","status":"publish","type":"post","link":"https:\/\/agorafabrics.com\/it\/fine-dellanno-riepilogo-della-fine-dellanno-di-agora\/","title":{"rendered":"FINE DELL&#8217;ANNO: riepilogo della fine dell&#8217;anno di Agora\u00ae"},"content":{"rendered":"\t\t<div data-elementor-type=\"wp-post\" data-elementor-id=\"12404\" class=\"elementor elementor-12404 elementor-3124\" data-elementor-post-type=\"post\">\n\t\t\t\t<div class=\"elementor-element elementor-element-79449e04 e-flex e-con-boxed e-con e-parent\" data-id=\"79449e04\" data-element_type=\"container\" data-e-type=\"container\">\n\t\t\t\t\t<div class=\"e-con-inner\">\n\t\t\t\t<div class=\"elementor-element elementor-element-6861bf24 elementor-widget elementor-widget-text-editor\" data-id=\"6861bf24\" data-element_type=\"widget\" data-e-type=\"widget\" data-widget_type=\"text-editor.default\">\n\t\t\t\t\t\t\t\t\t<p>Nel momento in cui salutiamo un altro anno, noi di Agora vogliamo prenderci un momento per esprimere la nostra gratitudine per il tuo continuo supporto. \u00c8 stato un viaggio avventuroso e siamo lieti di condividere alcuni momenti salienti dell&#8217;anno passato che lo hanno reso davvero speciale. <\/p>\n<p> <\/p>\n<h2><strong>Presentazione di Nuovi Orizzonti: Agor\u00e0 Thunder e Agor\u00e0 PRO Atlantis &amp; Argos<\/strong><\/h2>\n<p>Quest&#8217;anno abbiamo fatto un salto verso l&#8217;innovazione con il lancio di due linee di prodotti che ridefiniscono l&#8217;estetica degli esterni. La prima, Agora Thunder, \u00e8 la nuova linea di tessuti progettati per aggiungere un tocco elettrizzante ai tuoi spazi esterni. Grazie alla combinazione di stile e durata, questi tessuti aggiungono una nuova dimensione alla tappezzeria e all&#8217;arredamento per esterni.  <\/p>\n<p>Sul fronte degli specialisti, ti presentiamo Agora PRO Atlantis &amp; Argos, la nostra collezione di vinili marini appositamente studiati per l&#8217;uso contract. Progettati per resistere alle esigenze degli spazi ad alta frequentazione, questi vinili non solo promettono una lunga durata, ma elevano anche gli standard del design esterno e interno degli spazi commerciali. \u00c8 una testimonianza del nostro impegno a superare i limiti che i tessuti per esterni possono raggiungere.  <\/p>\n<p>Inoltre, abbiamo lavorato tutto l&#8217;anno per creare una nuova collezione di tessuti che superer\u00e0 le tue aspettative nel prossimo 2024. Realizzati con la nostra fibra acrilica 100% tinta in massa, questi tessuti assumeranno una nuova forma in ogni filato, con nuovi colori che seguiranno le ultime tendenze: non vedo l&#8217;ora!  <\/p>\t\t\t\t\t\t\t\t<\/div>\n\t\t<div class=\"elementor-element elementor-element-6043d0d e-grid e-con-full e-con e-child\" data-id=\"6043d0d\" data-element_type=\"container\" data-e-type=\"container\">\n\t\t<div class=\"elementor-element elementor-element-cc77cce e-con-full e-flex e-con e-child\" data-id=\"cc77cce\" data-element_type=\"container\" data-e-type=\"container\">\n\t\t\t\t<div class=\"elementor-element elementor-element-e27d19a elementor-widget elementor-widget-image\" data-id=\"e27d19a\" data-element_type=\"widget\" data-e-type=\"widget\" data-widget_type=\"image.default\">\n\t\t\t\t\t\t\t\t\t\t\t\t\t\t\t<img fetchpriority=\"high\" decoding=\"async\" width=\"800\" height=\"800\" src=\"https:\/\/agorafabrics.com\/wp-content\/uploads\/2025\/03\/Thunder_web_3-1-edited.webp\" class=\"attachment-large size-large wp-image-8087 wvs-archive-product-image\" alt=\"\" srcset=\"https:\/\/agorafabrics.com\/wp-content\/uploads\/2025\/03\/Thunder_web_3-1-edited.webp 800w, https:\/\/agorafabrics.com\/wp-content\/uploads\/2025\/03\/Thunder_web_3-1-edited-300x300.webp 300w, https:\/\/agorafabrics.com\/wp-content\/uploads\/2025\/03\/Thunder_web_3-1-edited-150x150.webp 150w, https:\/\/agorafabrics.com\/wp-content\/uploads\/2025\/03\/Thunder_web_3-1-edited-768x768.webp 768w, https:\/\/agorafabrics.com\/wp-content\/uploads\/2025\/03\/Thunder_web_3-1-edited-600x600.webp 600w, https:\/\/agorafabrics.com\/wp-content\/uploads\/2025\/03\/Thunder_web_3-1-edited-100x100.webp 100w, https:\/\/agorafabrics.com\/wp-content\/uploads\/2025\/03\/Thunder_web_3-1-edited-50x50.webp 50w\" sizes=\"(max-width: 800px) 100vw, 800px\" loading=\"eager\" \/>\t\t\t\t\t\t\t\t\t\t\t\t\t\t\t<\/div>\n\t\t\t\t<div class=\"elementor-element elementor-element-6733bb9 elementor-widget elementor-widget-button\" data-id=\"6733bb9\" data-element_type=\"widget\" data-e-type=\"widget\" data-widget_type=\"button.default\">\n\t\t\t\t\t\t\t\t\t\t<a class=\"elementor-button elementor-button-link elementor-size-sm\" href=\"https:\/\/agorafabrics.com\/it\/tessuti\/thunder\/\">\n\t\t\t\t\t\t<span class=\"elementor-button-content-wrapper\">\n\t\t\t\t\t\t\t\t\t<span class=\"elementor-button-text\">AGORA THUNDER<\/span>\n\t\t\t\t\t<\/span>\n\t\t\t\t\t<\/a>\n\t\t\t\t\t\t\t\t<\/div>\n\t\t\t\t<\/div>\n\t\t<div class=\"elementor-element elementor-element-3a62f2a e-con-full e-flex e-con e-child\" data-id=\"3a62f2a\" data-element_type=\"container\" data-e-type=\"container\">\n\t\t\t\t<div class=\"elementor-element elementor-element-a100090 elementor-widget elementor-widget-image\" data-id=\"a100090\" data-element_type=\"widget\" data-e-type=\"widget\" data-widget_type=\"image.default\">\n\t\t\t\t\t\t\t\t\t\t\t\t\t\t\t<img decoding=\"async\" width=\"701\" height=\"701\" src=\"https:\/\/agorafabrics.com\/wp-content\/uploads\/2025\/03\/Agora-Web-167-1.webp\" class=\"attachment-large size-large wp-image-8089 wvs-archive-product-image\" alt=\"\" srcset=\"https:\/\/agorafabrics.com\/wp-content\/uploads\/2025\/03\/Agora-Web-167-1.webp 701w, https:\/\/agorafabrics.com\/wp-content\/uploads\/2025\/03\/Agora-Web-167-1-300x300.webp 300w, https:\/\/agorafabrics.com\/wp-content\/uploads\/2025\/03\/Agora-Web-167-1-150x150.webp 150w, https:\/\/agorafabrics.com\/wp-content\/uploads\/2025\/03\/Agora-Web-167-1-600x600.webp 600w, https:\/\/agorafabrics.com\/wp-content\/uploads\/2025\/03\/Agora-Web-167-1-100x100.webp 100w, https:\/\/agorafabrics.com\/wp-content\/uploads\/2025\/03\/Agora-Web-167-1-50x50.webp 50w\" sizes=\"(max-width: 701px) 100vw, 701px\" loading=\"eager\" \/>\t\t\t\t\t\t\t\t\t\t\t\t\t\t\t<\/div>\n\t\t\t\t<div class=\"elementor-element elementor-element-cf336ef elementor-widget elementor-widget-button\" data-id=\"cf336ef\" data-element_type=\"widget\" data-e-type=\"widget\" data-widget_type=\"button.default\">\n\t\t\t\t\t\t\t\t\t\t<a class=\"elementor-button elementor-button-link elementor-size-sm\" href=\"https:\/\/agorafabrics.com\/it\/tessuti\/atlantis\/\">\n\t\t\t\t\t\t<span class=\"elementor-button-content-wrapper\">\n\t\t\t\t\t\t\t\t\t<span class=\"elementor-button-text\">AGORA PRO ATLANTIS &amp; ARGOS<\/span>\n\t\t\t\t\t<\/span>\n\t\t\t\t\t<\/a>\n\t\t\t\t\t\t\t\t<\/div>\n\t\t\t\t<\/div>\n\t\t<div class=\"elementor-element elementor-element-aff226a e-con-full e-flex e-con e-child\" data-id=\"aff226a\" data-element_type=\"container\" data-e-type=\"container\">\n\t\t\t\t<div class=\"elementor-element elementor-element-4ba1d47 elementor-widget elementor-widget-image\" data-id=\"4ba1d47\" data-element_type=\"widget\" data-e-type=\"widget\" data-widget_type=\"image.default\">\n\t\t\t\t\t\t\t\t\t\t\t\t\t\t\t<img decoding=\"async\" width=\"800\" height=\"800\" src=\"https:\/\/agorafabrics.com\/wp-content\/uploads\/2025\/03\/Agora_Armonias_39-edited-1024x1024.webp\" class=\"attachment-large size-large wp-image-8091 wvs-archive-product-image\" alt=\"\" srcset=\"https:\/\/agorafabrics.com\/wp-content\/uploads\/2025\/03\/Agora_Armonias_39-edited-1024x1024.webp 1024w, https:\/\/agorafabrics.com\/wp-content\/uploads\/2025\/03\/Agora_Armonias_39-edited-300x300.webp 300w, https:\/\/agorafabrics.com\/wp-content\/uploads\/2025\/03\/Agora_Armonias_39-edited-150x150.webp 150w, https:\/\/agorafabrics.com\/wp-content\/uploads\/2025\/03\/Agora_Armonias_39-edited-768x768.webp 768w, https:\/\/agorafabrics.com\/wp-content\/uploads\/2025\/03\/Agora_Armonias_39-edited-600x600.webp 600w, https:\/\/agorafabrics.com\/wp-content\/uploads\/2025\/03\/Agora_Armonias_39-edited-100x100.webp 100w, https:\/\/agorafabrics.com\/wp-content\/uploads\/2025\/03\/Agora_Armonias_39-edited-50x50.webp 50w, https:\/\/agorafabrics.com\/wp-content\/uploads\/2025\/03\/Agora_Armonias_39-edited.webp 1357w\" sizes=\"(max-width: 800px) 100vw, 800px\" loading=\"eager\" \/>\t\t\t\t\t\t\t\t\t\t\t\t\t\t\t<\/div>\n\t\t\t\t<div class=\"elementor-element elementor-element-f3f651a elementor-widget elementor-widget-button\" data-id=\"f3f651a\" data-element_type=\"widget\" data-e-type=\"widget\" data-widget_type=\"button.default\">\n\t\t\t\t\t\t\t\t\t\t<a class=\"elementor-button elementor-size-sm\" role=\"button\">\n\t\t\t\t\t\t<span class=\"elementor-button-content-wrapper\">\n\t\t\t\t\t\t\t\t\t<span class=\"elementor-button-text\">NUOVA COLLEZIONE IN ARRIVO<\/span>\n\t\t\t\t\t<\/span>\n\t\t\t\t\t<\/a>\n\t\t\t\t\t\t\t\t<\/div>\n\t\t\t\t<\/div>\n\t\t\t\t<\/div>\n\t\t\t\t<div class=\"elementor-element elementor-element-7ed6848 elementor-widget elementor-widget-text-editor\" data-id=\"7ed6848\" data-element_type=\"widget\" data-e-type=\"widget\" data-widget_type=\"text-editor.default\">\n\t\t\t\t\t\t\t\t\t<h3 class=\"wp-block-heading has-medium-font-size\"><strong>Il giro del mondo: una sintesi delle nostre fiere<\/strong><\/h3>\n<p>Desideriamo ringraziare di cuore tutti i nostri clienti che quest&#8217;anno ci hanno raggiunto alle varie fiere. La vostra presenza e il vostro entusiasmo hanno reso ogni evento davvero speciale. <\/p>\n<p>Questo 2023 \u00e8 stato tanto emozionante quanto ricco di eventi. Agora ha viaggiato in tutto il mondo per partecipare a un totale di quindici (15) fiere legate al settore tessile, del design, dell&#8217;architettura e del contract. <\/p>\n<p>Le principali fiere del nostro anno sono state<em> Heimtextil, IFEX Jakarta, Salone del Mobile, Spoga, Home Textiles Premium Valencia<\/em> e i nostri debutti al <em>Casual Market di Atlanta<\/em> e all&#8217;<em>Interihotel di Barcellona<\/em>. L&#8217;energia entusiasmante e gli incontri interessanti con voi ci hanno fatto vivere esperienze indimenticabili. Sono momenti come questi che alimentano la nostra passione per la creazione di tessuti per esterni che rispondano alle tue esigenze e aspirazioni.  <\/p>\t\t\t\t\t\t\t\t<\/div>\n\t\t<div class=\"elementor-element elementor-element-2a778e2 e-con-full e-flex e-con e-child\" data-id=\"2a778e2\" data-element_type=\"container\" data-e-type=\"container\">\n\t\t\t\t<div class=\"elementor-element elementor-element-64583c0 elementor-widget elementor-widget-image\" data-id=\"64583c0\" data-element_type=\"widget\" data-e-type=\"widget\" data-widget_type=\"image.default\">\n\t\t\t\t\t\t\t\t\t\t\t\t\t\t\t<img decoding=\"async\" width=\"768\" height=\"576\" src=\"https:\/\/agorafabrics.com\/wp-content\/uploads\/2025\/03\/IMG_3430-1-edited-768x576-1.webp\" class=\"attachment-large size-large wp-image-8093 wvs-archive-product-image\" alt=\"\" srcset=\"https:\/\/agorafabrics.com\/wp-content\/uploads\/2025\/03\/IMG_3430-1-edited-768x576-1.webp 768w, https:\/\/agorafabrics.com\/wp-content\/uploads\/2025\/03\/IMG_3430-1-edited-768x576-1-300x225.webp 300w, https:\/\/agorafabrics.com\/wp-content\/uploads\/2025\/03\/IMG_3430-1-edited-768x576-1-600x450.webp 600w\" sizes=\"(max-width: 768px) 100vw, 768px\" loading=\"eager\" \/>\t\t\t\t\t\t\t\t\t\t\t\t\t\t\t<\/div>\n\t\t\t\t<div class=\"elementor-element elementor-element-80719f8 elementor-widget elementor-widget-image\" data-id=\"80719f8\" data-element_type=\"widget\" data-e-type=\"widget\" data-widget_type=\"image.default\">\n\t\t\t\t\t\t\t\t\t\t\t\t\t\t\t<img decoding=\"async\" width=\"768\" height=\"577\" src=\"https:\/\/agorafabrics.com\/wp-content\/uploads\/2025\/03\/WhatsApp-Image-2023-06-08-at-07.47.37-768x577-1.webp\" class=\"attachment-large size-large wp-image-8095 wvs-archive-product-image\" alt=\"\" srcset=\"https:\/\/agorafabrics.com\/wp-content\/uploads\/2025\/03\/WhatsApp-Image-2023-06-08-at-07.47.37-768x577-1.webp 768w, https:\/\/agorafabrics.com\/wp-content\/uploads\/2025\/03\/WhatsApp-Image-2023-06-08-at-07.47.37-768x577-1-300x225.webp 300w, https:\/\/agorafabrics.com\/wp-content\/uploads\/2025\/03\/WhatsApp-Image-2023-06-08-at-07.47.37-768x577-1-600x451.webp 600w\" sizes=\"(max-width: 768px) 100vw, 768px\" loading=\"eager\" \/>\t\t\t\t\t\t\t\t\t\t\t\t\t\t\t<\/div>\n\t\t\t\t<\/div>\n\t\t\t\t<div class=\"elementor-element elementor-element-fe1cd70 elementor-widget elementor-widget-heading\" data-id=\"fe1cd70\" data-element_type=\"widget\" data-e-type=\"widget\" data-widget_type=\"heading.default\">\n\t\t\t\t\t<p class=\"elementor-heading-title elementor-size-default\">Ricevi gli ultimi aggiornamenti sulla partecipazione di Agora alle fiere sui nostri social network!<\/p>\t\t\t\t<\/div>\n\t\t\t\t<div class=\"elementor-element elementor-element-cc3ac0d elementor-widget elementor-widget-text-editor\" data-id=\"cc3ac0d\" data-element_type=\"widget\" data-e-type=\"widget\" data-widget_type=\"text-editor.default\">\n\t\t\t\t\t\t\t\t\t<h5 class=\"wp-block-heading has-medium-font-size\"><\/h5>\n<h3 class=\"wp-block-heading has-medium-font-size\"><strong>Condividere idee alla nostra Convention annuale<\/strong><\/h3>\n<h5 class=\"wp-block-heading has-medium-font-size\"><\/h5>\n<p>Al centro di Agora c&#8217;\u00e8 un team dedicato, guidato dalla creativit\u00e0 e dalla ricerca incessante dell&#8217;eccellenza. La nostra convention annuale \u00e8 stata un momento di incontro, un&#8217;occasione per riflettere sull&#8217;anno passato e, soprattutto, per tracciare una rotta per il futuro. <\/p>\n<h5 class=\"wp-block-heading has-medium-font-size\"><\/h5>\n<p>Le discussioni sono state dinamiche, le idee sono state scambiate e le strategie sono state proposte per garantire che il prossimo anno ti porti possibilit\u00e0 ancora pi\u00f9 interessanti. Ti assicuriamo che stiamo lavorando alacremente per offrirti tessuti per esterni migliori e pi\u00f9 innovativi, in linea con i tuoi gusti e le tue esigenze. <strong><\/strong><\/p>\n<p>Per concludere&#8230;<\/p>\n<p><strong><\/strong><\/p>\n<p>Mentre chiudiamo il capitolo del 2023, vogliamo esprimere la nostra pi\u00f9 profonda gratitudine per essere stati parte integrante del nostro viaggio. La tua fiducia e il tuo sostegno ci ispirano a raggiungere nuove vette e non vediamo l&#8217;ora di continuare questa incredibile avventura con te l&#8217;anno prossimo con nuovi prodotti e una nuova collezione. <\/p>\n<p><strong><\/strong><\/p>\n<p>Ti auguro gioia, successo e infiniti momenti di felicit\u00e0 all&#8217;aria aperta,<\/p>\n<p><strong><\/strong><\/p>\n<p>Il team di Agora.<\/p>\n<p><strong><\/strong><\/p>\t\t\t\t\t\t\t\t<\/div>\n\t\t\t\t\t<\/div>\n\t\t\t\t<\/div>\n\t\t\t\t<\/div>\n\t\t","protected":false},"excerpt":{"rendered":"<p>Nel momento in cui salutiamo un altro anno, noi di Agora vogliamo prenderci un momento per esprimere la nostra gratitudine per il tuo continuo supporto. \u00c8 stato un viaggio avventuroso e siamo lieti di condividere alcuni momenti salienti dell&#8217;anno passato che lo hanno reso davvero speciale. Presentazione di Nuovi Orizzonti: Agor\u00e0 Thunder e Agor\u00e0 PRO [&hellip;]<\/p>\n","protected":false},"author":1,"featured_media":28015,"comment_status":"closed","ping_status":"closed","sticky":false,"template":"","format":"standard","meta":{"_acf_changed":false,"footnotes":""},"categories":[1],"tags":[],"sin-portada":[],"class_list":["post-12404","post","type-post","status-publish","format-standard","has-post-thumbnail","hentry","category-sin-categoria"],"acf":[],"yoast_head":"<!-- This site is optimized with the Yoast SEO plugin v27.5 - https:\/\/yoast.com\/product\/yoast-seo-wordpress\/ -->\n<title>FINE DELL&#039;ANNO: riepilogo della fine dell&#039;anno di Agora\u00ae - Agora<\/title>\n<meta name=\"robots\" content=\"index, follow, max-snippet:-1, max-image-preview:large, max-video-preview:-1\" \/>\n<link rel=\"canonical\" href=\"https:\/\/agorafabrics.com\/it\/fine-dellanno-riepilogo-della-fine-dellanno-di-agora\/\" \/>\n<meta property=\"og:locale\" content=\"it_IT\" \/>\n<meta property=\"og:type\" content=\"article\" \/>\n<meta property=\"og:title\" content=\"FINE DELL&#039;ANNO: riepilogo della fine dell&#039;anno di Agora\u00ae - Agora\" \/>\n<meta property=\"og:description\" content=\"Nel momento in cui salutiamo un altro anno, noi di Agora vogliamo prenderci un momento per esprimere la nostra gratitudine per il tuo continuo supporto. \u00c8 stato un viaggio avventuroso e siamo lieti di condividere alcuni momenti salienti dell&#8217;anno passato che lo hanno reso davvero speciale. Presentazione di Nuovi Orizzonti: Agor\u00e0 Thunder e Agor\u00e0 PRO [&hellip;]\" \/>\n<meta property=\"og:url\" content=\"https:\/\/agorafabrics.com\/it\/fine-dellanno-riepilogo-della-fine-dellanno-di-agora\/\" \/>\n<meta property=\"og:site_name\" content=\"Agora\" \/>\n<meta property=\"article:publisher\" content=\"https:\/\/www.facebook.com\/agorafabrics\/\" \/>\n<meta property=\"article:published_time\" content=\"2025-03-26T11:18:27+00:00\" \/>\n<meta property=\"article:modified_time\" content=\"2026-02-27T14:46:37+00:00\" \/>\n<meta property=\"og:image\" content=\"https:\/\/agorafabrics.com\/wp-content\/uploads\/2025\/03\/IMG20231123162520-1.webp\" \/>\n\t<meta property=\"og:image:width\" content=\"1200\" \/>\n\t<meta property=\"og:image:height\" content=\"800\" \/>\n\t<meta property=\"og:image:type\" content=\"image\/webp\" \/>\n<meta name=\"author\" content=\"otz.admin\" \/>\n<meta name=\"twitter:card\" content=\"summary_large_image\" \/>\n<meta name=\"twitter:label1\" content=\"Scritto da\" \/>\n\t<meta name=\"twitter:data1\" content=\"otz.admin\" \/>\n\t<meta name=\"twitter:label2\" content=\"Tempo di lettura stimato\" \/>\n\t<meta name=\"twitter:data2\" content=\"3 minuto\" \/>\n<script type=\"application\/ld+json\" class=\"yoast-schema-graph\">{\"@context\":\"https:\\\/\\\/schema.org\",\"@graph\":[{\"@type\":\"Article\",\"@id\":\"https:\\\/\\\/agorafabrics.com\\\/it\\\/fine-dellanno-riepilogo-della-fine-dellanno-di-agora\\\/#article\",\"isPartOf\":{\"@id\":\"https:\\\/\\\/agorafabrics.com\\\/it\\\/fine-dellanno-riepilogo-della-fine-dellanno-di-agora\\\/\"},\"author\":{\"name\":\"otz.admin\",\"@id\":\"https:\\\/\\\/agorafabrics.com\\\/it\\\/#\\\/schema\\\/person\\\/c8ac3cbd8acd3cf475ab0c6f4eaba995\"},\"headline\":\"FINE DELL&#8217;ANNO: riepilogo della fine dell&#8217;anno di Agora\u00ae\",\"datePublished\":\"2025-03-26T11:18:27+00:00\",\"dateModified\":\"2026-02-27T14:46:37+00:00\",\"mainEntityOfPage\":{\"@id\":\"https:\\\/\\\/agorafabrics.com\\\/it\\\/fine-dellanno-riepilogo-della-fine-dellanno-di-agora\\\/\"},\"wordCount\":593,\"publisher\":{\"@id\":\"https:\\\/\\\/agorafabrics.com\\\/it\\\/#organization\"},\"image\":{\"@id\":\"https:\\\/\\\/agorafabrics.com\\\/it\\\/fine-dellanno-riepilogo-della-fine-dellanno-di-agora\\\/#primaryimage\"},\"thumbnailUrl\":\"https:\\\/\\\/agorafabrics.com\\\/wp-content\\\/uploads\\\/2025\\\/03\\\/IMG20231123162520-1.webp\",\"articleSection\":[\"Sin categor\u00eda\"],\"inLanguage\":\"it-IT\"},{\"@type\":\"WebPage\",\"@id\":\"https:\\\/\\\/agorafabrics.com\\\/it\\\/fine-dellanno-riepilogo-della-fine-dellanno-di-agora\\\/\",\"url\":\"https:\\\/\\\/agorafabrics.com\\\/it\\\/fine-dellanno-riepilogo-della-fine-dellanno-di-agora\\\/\",\"name\":\"FINE DELL'ANNO: riepilogo della fine dell'anno di Agora\u00ae - Agora\",\"isPartOf\":{\"@id\":\"https:\\\/\\\/agorafabrics.com\\\/it\\\/#website\"},\"primaryImageOfPage\":{\"@id\":\"https:\\\/\\\/agorafabrics.com\\\/it\\\/fine-dellanno-riepilogo-della-fine-dellanno-di-agora\\\/#primaryimage\"},\"image\":{\"@id\":\"https:\\\/\\\/agorafabrics.com\\\/it\\\/fine-dellanno-riepilogo-della-fine-dellanno-di-agora\\\/#primaryimage\"},\"thumbnailUrl\":\"https:\\\/\\\/agorafabrics.com\\\/wp-content\\\/uploads\\\/2025\\\/03\\\/IMG20231123162520-1.webp\",\"datePublished\":\"2025-03-26T11:18:27+00:00\",\"dateModified\":\"2026-02-27T14:46:37+00:00\",\"breadcrumb\":{\"@id\":\"https:\\\/\\\/agorafabrics.com\\\/it\\\/fine-dellanno-riepilogo-della-fine-dellanno-di-agora\\\/#breadcrumb\"},\"inLanguage\":\"it-IT\",\"potentialAction\":[{\"@type\":\"ReadAction\",\"target\":[\"https:\\\/\\\/agorafabrics.com\\\/it\\\/fine-dellanno-riepilogo-della-fine-dellanno-di-agora\\\/\"]}]},{\"@type\":\"ImageObject\",\"inLanguage\":\"it-IT\",\"@id\":\"https:\\\/\\\/agorafabrics.com\\\/it\\\/fine-dellanno-riepilogo-della-fine-dellanno-di-agora\\\/#primaryimage\",\"url\":\"https:\\\/\\\/agorafabrics.com\\\/wp-content\\\/uploads\\\/2025\\\/03\\\/IMG20231123162520-1.webp\",\"contentUrl\":\"https:\\\/\\\/agorafabrics.com\\\/wp-content\\\/uploads\\\/2025\\\/03\\\/IMG20231123162520-1.webp\",\"width\":1200,\"height\":800},{\"@type\":\"BreadcrumbList\",\"@id\":\"https:\\\/\\\/agorafabrics.com\\\/it\\\/fine-dellanno-riepilogo-della-fine-dellanno-di-agora\\\/#breadcrumb\",\"itemListElement\":[{\"@type\":\"ListItem\",\"position\":1,\"name\":\"Portada\",\"item\":\"https:\\\/\\\/agorafabrics.com\\\/it\\\/tessuti-da-esterno\\\/\"},{\"@type\":\"ListItem\",\"position\":2,\"name\":\"FINE DELL&#8217;ANNO: riepilogo della fine dell&#8217;anno di Agora\u00ae\"}]},{\"@type\":\"WebSite\",\"@id\":\"https:\\\/\\\/agorafabrics.com\\\/it\\\/#website\",\"url\":\"https:\\\/\\\/agorafabrics.com\\\/it\\\/\",\"name\":\"Agora\",\"description\":\"F\u00e1brica de tejidos y telas para exterior\",\"publisher\":{\"@id\":\"https:\\\/\\\/agorafabrics.com\\\/it\\\/#organization\"},\"potentialAction\":[{\"@type\":\"SearchAction\",\"target\":{\"@type\":\"EntryPoint\",\"urlTemplate\":\"https:\\\/\\\/agorafabrics.com\\\/it\\\/?s={search_term_string}\"},\"query-input\":{\"@type\":\"PropertyValueSpecification\",\"valueRequired\":true,\"valueName\":\"search_term_string\"}}],\"inLanguage\":\"it-IT\"},{\"@type\":\"Organization\",\"@id\":\"https:\\\/\\\/agorafabrics.com\\\/it\\\/#organization\",\"name\":\"Tessuti Agora\",\"url\":\"https:\\\/\\\/agorafabrics.com\\\/it\\\/\",\"logo\":{\"@type\":\"ImageObject\",\"inLanguage\":\"it-IT\",\"@id\":\"https:\\\/\\\/agorafabrics.com\\\/it\\\/#\\\/schema\\\/logo\\\/image\\\/\",\"url\":\"https:\\\/\\\/agorafabrics.com\\\/wp-content\\\/uploads\\\/2024\\\/07\\\/Agora-Logo.jpg\",\"contentUrl\":\"https:\\\/\\\/agorafabrics.com\\\/wp-content\\\/uploads\\\/2024\\\/07\\\/Agora-Logo.jpg\",\"width\":2292,\"height\":756,\"caption\":\"Tessuti Agora\"},\"image\":{\"@id\":\"https:\\\/\\\/agorafabrics.com\\\/it\\\/#\\\/schema\\\/logo\\\/image\\\/\"},\"sameAs\":[\"https:\\\/\\\/www.facebook.com\\\/agorafabrics\\\/\",\"https:\\\/\\\/www.instagram.com\\\/agorafabrics\\\/\",\"https:\\\/\\\/www.linkedin.com\\\/company\\\/tuvatextil\\\/\",\"https:\\\/\\\/vimeo.com\\\/user139090508\",\"https:\\\/\\\/www.youtube.com\\\/channel\\\/UC6iNTVqBR6UsJBzO5OZTymw\",\"https:\\\/\\\/www.pinterest.es\\\/agorafabrics\\\/\"]},{\"@type\":\"Person\",\"@id\":\"https:\\\/\\\/agorafabrics.com\\\/it\\\/#\\\/schema\\\/person\\\/c8ac3cbd8acd3cf475ab0c6f4eaba995\",\"name\":\"otz.admin\",\"image\":{\"@type\":\"ImageObject\",\"inLanguage\":\"it-IT\",\"@id\":\"https:\\\/\\\/secure.gravatar.com\\\/avatar\\\/4e76a9aa26509050f877c7a5b3894622bb50009067025ad428fa5c868d9c248d?s=96&d=mm&r=g\",\"url\":\"https:\\\/\\\/secure.gravatar.com\\\/avatar\\\/4e76a9aa26509050f877c7a5b3894622bb50009067025ad428fa5c868d9c248d?s=96&d=mm&r=g\",\"contentUrl\":\"https:\\\/\\\/secure.gravatar.com\\\/avatar\\\/4e76a9aa26509050f877c7a5b3894622bb50009067025ad428fa5c868d9c248d?s=96&d=mm&r=g\",\"caption\":\"otz.admin\"},\"sameAs\":[\"https:\\\/\\\/agorafabrics.com\"]}]}<\/script>\n<!-- \/ Yoast SEO plugin. -->","yoast_head_json":{"title":"FINE DELL'ANNO: riepilogo della fine dell'anno di Agora\u00ae - Agora","robots":{"index":"index","follow":"follow","max-snippet":"max-snippet:-1","max-image-preview":"max-image-preview:large","max-video-preview":"max-video-preview:-1"},"canonical":"https:\/\/agorafabrics.com\/it\/fine-dellanno-riepilogo-della-fine-dellanno-di-agora\/","og_locale":"it_IT","og_type":"article","og_title":"FINE DELL'ANNO: riepilogo della fine dell'anno di Agora\u00ae - Agora","og_description":"Nel momento in cui salutiamo un altro anno, noi di Agora vogliamo prenderci un momento per esprimere la nostra gratitudine per il tuo continuo supporto. \u00c8 stato un viaggio avventuroso e siamo lieti di condividere alcuni momenti salienti dell&#8217;anno passato che lo hanno reso davvero speciale. Presentazione di Nuovi Orizzonti: Agor\u00e0 Thunder e Agor\u00e0 PRO [&hellip;]","og_url":"https:\/\/agorafabrics.com\/it\/fine-dellanno-riepilogo-della-fine-dellanno-di-agora\/","og_site_name":"Agora","article_publisher":"https:\/\/www.facebook.com\/agorafabrics\/","article_published_time":"2025-03-26T11:18:27+00:00","article_modified_time":"2026-02-27T14:46:37+00:00","og_image":[{"width":1200,"height":800,"url":"https:\/\/agorafabrics.com\/wp-content\/uploads\/2025\/03\/IMG20231123162520-1.webp","type":"image\/webp"}],"author":"otz.admin","twitter_card":"summary_large_image","twitter_misc":{"Scritto da":"otz.admin","Tempo di lettura stimato":"3 minuto"},"schema":{"@context":"https:\/\/schema.org","@graph":[{"@type":"Article","@id":"https:\/\/agorafabrics.com\/it\/fine-dellanno-riepilogo-della-fine-dellanno-di-agora\/#article","isPartOf":{"@id":"https:\/\/agorafabrics.com\/it\/fine-dellanno-riepilogo-della-fine-dellanno-di-agora\/"},"author":{"name":"otz.admin","@id":"https:\/\/agorafabrics.com\/it\/#\/schema\/person\/c8ac3cbd8acd3cf475ab0c6f4eaba995"},"headline":"FINE DELL&#8217;ANNO: riepilogo della fine dell&#8217;anno di Agora\u00ae","datePublished":"2025-03-26T11:18:27+00:00","dateModified":"2026-02-27T14:46:37+00:00","mainEntityOfPage":{"@id":"https:\/\/agorafabrics.com\/it\/fine-dellanno-riepilogo-della-fine-dellanno-di-agora\/"},"wordCount":593,"publisher":{"@id":"https:\/\/agorafabrics.com\/it\/#organization"},"image":{"@id":"https:\/\/agorafabrics.com\/it\/fine-dellanno-riepilogo-della-fine-dellanno-di-agora\/#primaryimage"},"thumbnailUrl":"https:\/\/agorafabrics.com\/wp-content\/uploads\/2025\/03\/IMG20231123162520-1.webp","articleSection":["Sin categor\u00eda"],"inLanguage":"it-IT"},{"@type":"WebPage","@id":"https:\/\/agorafabrics.com\/it\/fine-dellanno-riepilogo-della-fine-dellanno-di-agora\/","url":"https:\/\/agorafabrics.com\/it\/fine-dellanno-riepilogo-della-fine-dellanno-di-agora\/","name":"FINE DELL'ANNO: riepilogo della fine dell'anno di Agora\u00ae - Agora","isPartOf":{"@id":"https:\/\/agorafabrics.com\/it\/#website"},"primaryImageOfPage":{"@id":"https:\/\/agorafabrics.com\/it\/fine-dellanno-riepilogo-della-fine-dellanno-di-agora\/#primaryimage"},"image":{"@id":"https:\/\/agorafabrics.com\/it\/fine-dellanno-riepilogo-della-fine-dellanno-di-agora\/#primaryimage"},"thumbnailUrl":"https:\/\/agorafabrics.com\/wp-content\/uploads\/2025\/03\/IMG20231123162520-1.webp","datePublished":"2025-03-26T11:18:27+00:00","dateModified":"2026-02-27T14:46:37+00:00","breadcrumb":{"@id":"https:\/\/agorafabrics.com\/it\/fine-dellanno-riepilogo-della-fine-dellanno-di-agora\/#breadcrumb"},"inLanguage":"it-IT","potentialAction":[{"@type":"ReadAction","target":["https:\/\/agorafabrics.com\/it\/fine-dellanno-riepilogo-della-fine-dellanno-di-agora\/"]}]},{"@type":"ImageObject","inLanguage":"it-IT","@id":"https:\/\/agorafabrics.com\/it\/fine-dellanno-riepilogo-della-fine-dellanno-di-agora\/#primaryimage","url":"https:\/\/agorafabrics.com\/wp-content\/uploads\/2025\/03\/IMG20231123162520-1.webp","contentUrl":"https:\/\/agorafabrics.com\/wp-content\/uploads\/2025\/03\/IMG20231123162520-1.webp","width":1200,"height":800},{"@type":"BreadcrumbList","@id":"https:\/\/agorafabrics.com\/it\/fine-dellanno-riepilogo-della-fine-dellanno-di-agora\/#breadcrumb","itemListElement":[{"@type":"ListItem","position":1,"name":"Portada","item":"https:\/\/agorafabrics.com\/it\/tessuti-da-esterno\/"},{"@type":"ListItem","position":2,"name":"FINE DELL&#8217;ANNO: riepilogo della fine dell&#8217;anno di Agora\u00ae"}]},{"@type":"WebSite","@id":"https:\/\/agorafabrics.com\/it\/#website","url":"https:\/\/agorafabrics.com\/it\/","name":"Agora","description":"F\u00e1brica de tejidos y telas para exterior","publisher":{"@id":"https:\/\/agorafabrics.com\/it\/#organization"},"potentialAction":[{"@type":"SearchAction","target":{"@type":"EntryPoint","urlTemplate":"https:\/\/agorafabrics.com\/it\/?s={search_term_string}"},"query-input":{"@type":"PropertyValueSpecification","valueRequired":true,"valueName":"search_term_string"}}],"inLanguage":"it-IT"},{"@type":"Organization","@id":"https:\/\/agorafabrics.com\/it\/#organization","name":"Tessuti Agora","url":"https:\/\/agorafabrics.com\/it\/","logo":{"@type":"ImageObject","inLanguage":"it-IT","@id":"https:\/\/agorafabrics.com\/it\/#\/schema\/logo\/image\/","url":"https:\/\/agorafabrics.com\/wp-content\/uploads\/2024\/07\/Agora-Logo.jpg","contentUrl":"https:\/\/agorafabrics.com\/wp-content\/uploads\/2024\/07\/Agora-Logo.jpg","width":2292,"height":756,"caption":"Tessuti Agora"},"image":{"@id":"https:\/\/agorafabrics.com\/it\/#\/schema\/logo\/image\/"},"sameAs":["https:\/\/www.facebook.com\/agorafabrics\/","https:\/\/www.instagram.com\/agorafabrics\/","https:\/\/www.linkedin.com\/company\/tuvatextil\/","https:\/\/vimeo.com\/user139090508","https:\/\/www.youtube.com\/channel\/UC6iNTVqBR6UsJBzO5OZTymw","https:\/\/www.pinterest.es\/agorafabrics\/"]},{"@type":"Person","@id":"https:\/\/agorafabrics.com\/it\/#\/schema\/person\/c8ac3cbd8acd3cf475ab0c6f4eaba995","name":"otz.admin","image":{"@type":"ImageObject","inLanguage":"it-IT","@id":"https:\/\/secure.gravatar.com\/avatar\/4e76a9aa26509050f877c7a5b3894622bb50009067025ad428fa5c868d9c248d?s=96&d=mm&r=g","url":"https:\/\/secure.gravatar.com\/avatar\/4e76a9aa26509050f877c7a5b3894622bb50009067025ad428fa5c868d9c248d?s=96&d=mm&r=g","contentUrl":"https:\/\/secure.gravatar.com\/avatar\/4e76a9aa26509050f877c7a5b3894622bb50009067025ad428fa5c868d9c248d?s=96&d=mm&r=g","caption":"otz.admin"},"sameAs":["https:\/\/agorafabrics.com"]}]}},"_links":{"self":[{"href":"https:\/\/agorafabrics.com\/it\/wp-json\/wp\/v2\/posts\/12404","targetHints":{"allow":["GET"]}}],"collection":[{"href":"https:\/\/agorafabrics.com\/it\/wp-json\/wp\/v2\/posts"}],"about":[{"href":"https:\/\/agorafabrics.com\/it\/wp-json\/wp\/v2\/types\/post"}],"author":[{"embeddable":true,"href":"https:\/\/agorafabrics.com\/it\/wp-json\/wp\/v2\/users\/1"}],"replies":[{"embeddable":true,"href":"https:\/\/agorafabrics.com\/it\/wp-json\/wp\/v2\/comments?post=12404"}],"version-history":[{"count":0,"href":"https:\/\/agorafabrics.com\/it\/wp-json\/wp\/v2\/posts\/12404\/revisions"}],"wp:featuredmedia":[{"embeddable":true,"href":"https:\/\/agorafabrics.com\/it\/wp-json\/wp\/v2\/media\/28015"}],"wp:attachment":[{"href":"https:\/\/agorafabrics.com\/it\/wp-json\/wp\/v2\/media?parent=12404"}],"wp:term":[{"taxonomy":"category","embeddable":true,"href":"https:\/\/agorafabrics.com\/it\/wp-json\/wp\/v2\/categories?post=12404"},{"taxonomy":"post_tag","embeddable":true,"href":"https:\/\/agorafabrics.com\/it\/wp-json\/wp\/v2\/tags?post=12404"},{"taxonomy":"sin-portada","embeddable":true,"href":"https:\/\/agorafabrics.com\/it\/wp-json\/wp\/v2\/sin-portada?post=12404"}],"curies":[{"name":"wp","href":"https:\/\/api.w.org\/{rel}","templated":true}]}}