{"id":28701,"date":"2026-04-09T13:08:14","date_gmt":"2026-04-09T11:08:14","guid":{"rendered":"https:\/\/agorafabrics.com\/agora-fabrics-au-salone-del-mobile-et-fuorisalone-2026\/"},"modified":"2026-04-29T11:37:09","modified_gmt":"2026-04-29T09:37:09","slug":"agora-fabrics-au-salone-del-mobile-et-fuorisalone-2026","status":"publish","type":"post","link":"https:\/\/agorafabrics.com\/fr\/agora-fabrics-au-salone-del-mobile-et-fuorisalone-2026\/","title":{"rendered":"Pr\u00e9parez-vous \u00e0 la semaine du design de Milan !"},"content":{"rendered":"\t\t<div data-elementor-type=\"wp-post\" data-elementor-id=\"28701\" class=\"elementor elementor-28701 elementor-28604\" data-elementor-post-type=\"post\">\n\t\t\t\t<div class=\"elementor-element elementor-element-f5dbfeb e-flex e-con-boxed e-con e-parent\" data-id=\"f5dbfeb\" data-element_type=\"container\" data-e-type=\"container\">\n\t\t\t\t\t<div class=\"e-con-inner\">\n\t\t\t\t<div class=\"elementor-element elementor-element-9b73282 elementor-widget elementor-widget-text-editor\" data-id=\"9b73282\" data-element_type=\"widget\" data-e-type=\"widget\" data-widget_type=\"text-editor.default\">\n\t\t\t\t\t\t\t\t\t<h2 style=\"text-align: center;\"><strong>Agora Fabrics au Salone del Mobile et Fuorisalone 2026 : collections, stand et participation<\/strong><\/h2>\t\t\t\t\t\t\t\t<\/div>\n\t\t\t\t<div class=\"elementor-element elementor-element-222fc57 elementor-widget elementor-widget-text-editor\" data-id=\"222fc57\" data-element_type=\"widget\" data-e-type=\"widget\" data-widget_type=\"text-editor.default\">\n\t\t\t\t\t\t\t\t\t<p style=\"text-align: center;\">Une ann\u00e9e de plus, nous serons pr\u00e9sents au Salone del Mobile de Milano 2026 (21\u201326 avril), o\u00f9 nous pr\u00e9senterons nos derni\u00e8res collections au Hall 5 Stand A20. Avec cette pr\u00e9sence, nous renfor\u00e7ons notre position dans l\u2019un des principaux rendez-vous internationaux du design et du mobilier. <\/p>\t\t\t\t\t\t\t\t<\/div>\n\t\t\t\t<div class=\"elementor-element elementor-element-18c93e0 elementor-widget elementor-widget-image\" data-id=\"18c93e0\" data-element_type=\"widget\" data-e-type=\"widget\" data-widget_type=\"image.default\">\n\t\t\t\t\t\t\t\t\t\t\t\t\t\t\t<img fetchpriority=\"high\" decoding=\"async\" width=\"800\" height=\"418\" src=\"https:\/\/agorafabrics.com\/wp-content\/uploads\/2026\/04\/Salone_Milano-1024x535.jpg\" class=\"attachment-large size-large wp-image-29093 wvs-archive-product-image\" alt=\"\" srcset=\"https:\/\/agorafabrics.com\/wp-content\/uploads\/2026\/04\/Salone_Milano-1024x535.jpg 1024w, https:\/\/agorafabrics.com\/wp-content\/uploads\/2026\/04\/Salone_Milano-300x157.jpg 300w, https:\/\/agorafabrics.com\/wp-content\/uploads\/2026\/04\/Salone_Milano-768x401.jpg 768w, https:\/\/agorafabrics.com\/wp-content\/uploads\/2026\/04\/Salone_Milano-600x314.jpg 600w, https:\/\/agorafabrics.com\/wp-content\/uploads\/2026\/04\/Salone_Milano.jpg 1200w\" sizes=\"(max-width: 800px) 100vw, 800px\" loading=\"eager\" \/>\t\t\t\t\t\t\t\t\t\t\t\t\t\t\t<\/div>\n\t\t\t\t\t<\/div>\n\t\t\t\t<\/div>\n\t\t<div class=\"elementor-element elementor-element-24a1ee6 e-flex e-con-boxed e-con e-parent\" data-id=\"24a1ee6\" data-element_type=\"container\" data-e-type=\"container\">\n\t\t\t\t\t<div class=\"e-con-inner\">\n\t\t\t\t<div class=\"elementor-element elementor-element-0220383 elementor-widget elementor-widget-text-editor\" data-id=\"0220383\" data-element_type=\"widget\" data-e-type=\"widget\" data-widget_type=\"text-editor.default\">\n\t\t\t\t\t\t\t\t\t<p style=\"text-align: center;\"><strong>COLLECTIONS PR\u00c9SENT\u00c9ES AU SALONE<\/strong><\/p><p style=\"text-align: center;\">Nous pr\u00e9senterons une s\u00e9lection de nos collections de tissus d\u2019ext\u00e9rieur, d\u00e9velopp\u00e9s pour la tapisserie, la d\u00e9coration et le secteur contract, o\u00f9 nous combinons design, confort et durabilit\u00e9. Parmi celles-ci, nous mettrons en avant Cala d\u2019Agora Signature Series, r\u00e9cemment r\u00e9compens\u00e9e par un iF Design Award. Parmi les nouveaut\u00e9s, nous exposerons Zaria, \u00e9galement d\u2019Agora Signature Series et centr\u00e9e sur la richesse tactile, Agora Life, notre ligne de tissus recycl\u00e9s avec de nouveaux coloris, et Seatech, d\u2019Agora Pro, notre extension de tissus techniques pour le secteur nautique.  <\/p>\t\t\t\t\t\t\t\t<\/div>\n\t\t\t\t\t<\/div>\n\t\t\t\t<\/div>\n\t\t<div class=\"elementor-element elementor-element-6c6dd07 e-flex e-con-boxed e-con e-parent\" data-id=\"6c6dd07\" data-element_type=\"container\" data-e-type=\"container\">\n\t\t\t\t\t<div class=\"e-con-inner\">\n\t\t\t\t<div class=\"elementor-element elementor-element-1699dd9 elementor-arrows-position-inside elementor-pagination-position-outside elementor-widget elementor-widget-image-carousel\" data-id=\"1699dd9\" data-element_type=\"widget\" data-e-type=\"widget\" data-settings=\"{&quot;slides_to_show&quot;:&quot;4&quot;,&quot;image_spacing_custom&quot;:{&quot;unit&quot;:&quot;px&quot;,&quot;size&quot;:0,&quot;sizes&quot;:[]},&quot;navigation&quot;:&quot;both&quot;,&quot;autoplay&quot;:&quot;yes&quot;,&quot;pause_on_hover&quot;:&quot;yes&quot;,&quot;pause_on_interaction&quot;:&quot;yes&quot;,&quot;autoplay_speed&quot;:5000,&quot;infinite&quot;:&quot;yes&quot;,&quot;speed&quot;:500,&quot;image_spacing_custom_tablet&quot;:{&quot;unit&quot;:&quot;px&quot;,&quot;size&quot;:&quot;&quot;,&quot;sizes&quot;:[]},&quot;image_spacing_custom_mobile&quot;:{&quot;unit&quot;:&quot;px&quot;,&quot;size&quot;:&quot;&quot;,&quot;sizes&quot;:[]}}\" data-widget_type=\"image-carousel.default\">\n\t\t\t\t\t\t\t<div class=\"elementor-image-carousel-wrapper swiper\" role=\"region\" aria-roledescription=\"carousel\" aria-label=\"Carrusel de im\u00e1genes\" dir=\"ltr\">\n\t\t\t<div class=\"elementor-image-carousel swiper-wrapper\" aria-live=\"off\">\n\t\t\t\t\t\t\t\t<div class=\"swiper-slide\" role=\"group\" aria-roledescription=\"slide\" aria-label=\"1 sur 4\"><figure class=\"swiper-slide-inner\"><img decoding=\"async\" class=\"swiper-slide-image\" src=\"https:\/\/agorafabrics.com\/wp-content\/uploads\/2026\/02\/CALA_42-300x300.jpeg\" alt=\"CALA_42\" \/><\/figure><\/div><div class=\"swiper-slide\" role=\"group\" aria-roledescription=\"slide\" aria-label=\"2 sur 4\"><figure class=\"swiper-slide-inner\"><img decoding=\"async\" class=\"swiper-slide-image\" src=\"https:\/\/agorafabrics.com\/wp-content\/uploads\/2026\/02\/Zaria_59_EDIT-300x300.jpg\" alt=\"Zaria_59_EDIT\" \/><\/figure><\/div><div class=\"swiper-slide\" role=\"group\" aria-roledescription=\"slide\" aria-label=\"3 sur 4\"><figure class=\"swiper-slide-inner\"><img decoding=\"async\" class=\"swiper-slide-image\" src=\"https:\/\/agorafabrics.com\/wp-content\/uploads\/2025\/09\/Diseno-sin-titulo-11-300x300.jpg\" alt=\"Conception sans titre (11)\" \/><\/figure><\/div><div class=\"swiper-slide\" role=\"group\" aria-roledescription=\"slide\" aria-label=\"4 sur 4\"><figure class=\"swiper-slide-inner\"><img decoding=\"async\" class=\"swiper-slide-image\" src=\"https:\/\/agorafabrics.com\/wp-content\/uploads\/2025\/10\/Mailchimp-2-5-300x300.jpg\" alt=\"Mailchimp 2 (5)\" \/><\/figure><\/div>\t\t\t<\/div>\n\t\t\t\t\t\t\t\t\t\t\t\t<div class=\"elementor-swiper-button elementor-swiper-button-prev\" role=\"button\" tabindex=\"0\">\n\t\t\t\t\t\t<svg aria-hidden=\"true\" class=\"e-font-icon-svg e-eicon-chevron-left\" viewBox=\"0 0 1000 1000\" xmlns=\"http:\/\/www.w3.org\/2000\/svg\"><path d=\"M646 125C629 125 613 133 604 142L308 442C296 454 292 471 292 487 292 504 296 521 308 533L604 854C617 867 629 875 646 875 663 875 679 871 692 858 704 846 713 829 713 812 713 796 708 779 692 767L438 487 692 225C700 217 708 204 708 187 708 171 704 154 692 142 675 129 663 125 646 125Z\"><\/path><\/svg>\t\t\t\t\t<\/div>\n\t\t\t\t\t<div class=\"elementor-swiper-button elementor-swiper-button-next\" role=\"button\" tabindex=\"0\">\n\t\t\t\t\t\t<svg aria-hidden=\"true\" class=\"e-font-icon-svg e-eicon-chevron-right\" viewBox=\"0 0 1000 1000\" xmlns=\"http:\/\/www.w3.org\/2000\/svg\"><path d=\"M696 533C708 521 713 504 713 487 713 471 708 454 696 446L400 146C388 133 375 125 354 125 338 125 325 129 313 142 300 154 292 171 292 187 292 204 296 221 308 233L563 492 304 771C292 783 288 800 288 817 288 833 296 850 308 863 321 871 338 875 354 875 371 875 388 867 400 854L696 533Z\"><\/path><\/svg>\t\t\t\t\t<\/div>\n\t\t\t\t\n\t\t\t\t\t\t\t\t\t<div class=\"swiper-pagination\"><\/div>\n\t\t\t\t\t\t\t\t\t<\/div>\n\t\t\t\t\t\t<\/div>\n\t\t\t\t<div class=\"elementor-element elementor-element-46b1325 elementor-widget elementor-widget-text-editor\" data-id=\"46b1325\" data-element_type=\"widget\" data-e-type=\"widget\" data-widget_type=\"text-editor.default\">\n\t\t\t\t\t\t\t\t\t<p style=\"text-align: center;\"><b>PARTICIPATION AU FUORISALONE<\/b><\/p><p style=\"text-align: center;\">De plus, durant cette semaine, nous participerons au Fuorisalone, \u00e0 l\u2019Appartamento Spagnolo. Il s\u2019agit d\u2019une initiative organis\u00e9e par ICEX Espagne, sous la marque Interiors from Spain, en collaboration avec Elle Decor Italia et le studio Studio Pepe. Dans ce contexte, nous pr\u00e9sentons une s\u00e9lection de nos tissus int\u00e9gr\u00e9s dans une exposition collective, \u00e9largissant notre pr\u00e9sence au-del\u00e0 du site d\u2019exposition et entrant en contact avec des professionnels du design dans un environnement plus ouvert.  <\/p>\t\t\t\t\t\t\t\t<\/div>\n\t\t\t\t<div class=\"elementor-element elementor-element-46f085e elementor-widget elementor-widget-image\" data-id=\"46f085e\" data-element_type=\"widget\" data-e-type=\"widget\" data-widget_type=\"image.default\">\n\t\t\t\t\t\t\t\t\t\t\t\t\t\t\t<img decoding=\"async\" width=\"257\" height=\"300\" src=\"https:\/\/agorafabrics.com\/wp-content\/uploads\/2026\/04\/APP-SPAGNOLO-2026-save-the-date-600x700-bis-257x300.jpg\" class=\"attachment-medium size-medium wp-image-29094 wvs-archive-product-image\" alt=\"\" srcset=\"https:\/\/agorafabrics.com\/wp-content\/uploads\/2026\/04\/APP-SPAGNOLO-2026-save-the-date-600x700-bis-257x300.jpg 257w, https:\/\/agorafabrics.com\/wp-content\/uploads\/2026\/04\/APP-SPAGNOLO-2026-save-the-date-600x700-bis-768x896.jpg 768w, https:\/\/agorafabrics.com\/wp-content\/uploads\/2026\/04\/APP-SPAGNOLO-2026-save-the-date-600x700-bis-600x700.jpg 600w, https:\/\/agorafabrics.com\/wp-content\/uploads\/2026\/04\/APP-SPAGNOLO-2026-save-the-date-600x700-bis.jpg 833w\" sizes=\"(max-width: 257px) 100vw, 257px\" loading=\"eager\" \/>\t\t\t\t\t\t\t\t\t\t\t\t\t\t\t<\/div>\n\t\t\t\t\t<\/div>\n\t\t\t\t<\/div>\n\t\t<div class=\"elementor-element elementor-element-0e603a9 e-flex e-con-boxed e-con e-parent\" data-id=\"0e603a9\" data-element_type=\"container\" data-e-type=\"container\">\n\t\t\t\t\t<div class=\"e-con-inner\">\n\t\t\t\t<div class=\"elementor-element elementor-element-c2601e1 elementor-widget elementor-widget-text-editor\" data-id=\"c2601e1\" data-element_type=\"widget\" data-e-type=\"widget\" data-widget_type=\"text-editor.default\">\n\t\t\t\t\t\t\t\t\t<p data-start=\"1826\" data-end=\"2090\"> <\/p><p style=\"text-align: center;\" data-start=\"1826\" data-end=\"2090\"><strong>DOS CONTEXTOS COMPLEMENTARIOS<\/strong><\/p><p style=\"text-align: center;\" data-start=\"1826\" data-end=\"2090\">Cette double pr\u00e9sence nous permet de pr\u00e9senter nos tissus dans deux contextes compl\u00e9mentaires : l\u2019environnement d\u2019exposition du Salone, centr\u00e9 sur le produit et l\u2019application, et le Fuorisalone, o\u00f9 le design est pr\u00e9sent\u00e9 sous une perspective plus exp\u00e9rientielle. Avec cette participation, nous renfor\u00e7ons notre pr\u00e9sence internationale et le d\u00e9veloppement de solutions textiles appliqu\u00e9es aux projets de design et d\u2019architecture. <\/p>\t\t\t\t\t\t\t\t<\/div>\n\t\t\t\t\t<\/div>\n\t\t\t\t<\/div>\n\t\t<div class=\"elementor-element elementor-element-6eda4f5 e-flex e-con-boxed e-con e-parent\" data-id=\"6eda4f5\" data-element_type=\"container\" data-e-type=\"container\">\n\t\t\t\t\t<div class=\"e-con-inner\">\n\t\t\t\t<div class=\"elementor-element elementor-element-6d05eec elementor-widget-divider--view-line elementor-widget elementor-widget-divider\" data-id=\"6d05eec\" data-element_type=\"widget\" data-e-type=\"widget\" data-widget_type=\"divider.default\">\n\t\t\t\t\t\t\t<div class=\"elementor-divider\">\n\t\t\t<span class=\"elementor-divider-separator\">\n\t\t\t\t\t\t<\/span>\n\t\t<\/div>\n\t\t\t\t\t\t<\/div>\n\t\t\t\t<div class=\"elementor-element elementor-element-bd73cfd elementor-widget elementor-widget-text-editor\" data-id=\"bd73cfd\" data-element_type=\"widget\" data-e-type=\"widget\" data-widget_type=\"text-editor.default\">\n\t\t\t\t\t\t\t\t\t<h2 style=\"text-align: center;\" data-section-id=\"18xp4ar\" data-start=\"2326\" data-end=\"2342\"><span role=\"text\"><strong data-start=\"2329\" data-end=\"2342\">Visitez-nous<\/strong><\/span><\/h2><h6 style=\"text-align: center;\"><strong>SALONE DEL MOBILE<\/strong><\/h6><p style=\"text-align: center;\">Hall 5 \u2013 Stand A20 | Fiera Milano Rho<\/p><h6 style=\"text-align: center;\"><strong>FUORISALONE <\/strong><\/h6><p style=\"text-align: center;\">Appartamento Spagnolo | Palazzo Castiglioni <\/p><h6 style=\"text-align: center;\"> <\/h6><h6 style=\"text-align: center;\"> <\/h6>\t\t\t\t\t\t\t\t<\/div>\n\t\t\t\t\t<\/div>\n\t\t\t\t<\/div>\n\t\t\t\t<\/div>\n\t\t","protected":false},"excerpt":{"rendered":"<p>Agora Fabrics au Salone del Mobile et Fuorisalone 2026 : collections, stand et participation Une ann\u00e9e de plus, nous serons pr\u00e9sents au Salone del Mobile de Milano 2026 (21\u201326 avril), o\u00f9 nous pr\u00e9senterons nos derni\u00e8res collections au Hall 5 Stand A20. Avec cette pr\u00e9sence, nous renfor\u00e7ons notre position dans l\u2019un des principaux rendez-vous internationaux du [&hellip;]<\/p>\n","protected":false},"author":2,"featured_media":28705,"comment_status":"closed","ping_status":"closed","sticky":true,"template":"","format":"standard","meta":{"_acf_changed":false,"footnotes":""},"categories":[1129],"tags":[],"sin-portada":[863],"class_list":["post-28701","post","type-post","status-publish","format-standard","has-post-thumbnail","hentry","category-foires","sin-portada-desactivar-portada"],"acf":[],"yoast_head":"<!-- This site is optimized with the Yoast SEO plugin v27.5 - https:\/\/yoast.com\/product\/yoast-seo-wordpress\/ -->\n<title>Pr\u00e9parez-vous \u00e0 la semaine du design de Milan ! - Agora<\/title>\n<meta name=\"robots\" content=\"index, follow, max-snippet:-1, max-image-preview:large, max-video-preview:-1\" \/>\n<link rel=\"canonical\" href=\"https:\/\/agorafabrics.com\/fr\/agora-fabrics-au-salone-del-mobile-et-fuorisalone-2026\/\" \/>\n<meta property=\"og:locale\" content=\"fr_FR\" \/>\n<meta property=\"og:type\" content=\"article\" \/>\n<meta property=\"og:title\" content=\"Pr\u00e9parez-vous \u00e0 la semaine du design de Milan ! - Agora\" \/>\n<meta property=\"og:description\" content=\"Agora Fabrics au Salone del Mobile et Fuorisalone 2026 : collections, stand et participation Une ann\u00e9e de plus, nous serons pr\u00e9sents au Salone del Mobile de Milano 2026 (21\u201326 avril), o\u00f9 nous pr\u00e9senterons nos derni\u00e8res collections au Hall 5 Stand A20. Avec cette pr\u00e9sence, nous renfor\u00e7ons notre position dans l\u2019un des principaux rendez-vous internationaux du [&hellip;]\" \/>\n<meta property=\"og:url\" content=\"https:\/\/agorafabrics.com\/fr\/agora-fabrics-au-salone-del-mobile-et-fuorisalone-2026\/\" \/>\n<meta property=\"og:site_name\" content=\"Agora\" \/>\n<meta property=\"article:publisher\" content=\"https:\/\/www.facebook.com\/agorafabrics\/\" \/>\n<meta property=\"article:published_time\" content=\"2026-04-09T11:08:14+00:00\" \/>\n<meta property=\"article:modified_time\" content=\"2026-04-29T09:37:09+00:00\" \/>\n<meta property=\"og:image\" content=\"https:\/\/agorafabrics.com\/wp-content\/uploads\/2026\/04\/PUESTA-DE-SOL-1-819x1024.png\" \/>\n\t<meta property=\"og:image:width\" content=\"819\" \/>\n\t<meta property=\"og:image:height\" content=\"1024\" \/>\n\t<meta property=\"og:image:type\" content=\"image\/png\" \/>\n<meta name=\"author\" content=\"Agora Fabrics\" \/>\n<meta name=\"twitter:card\" content=\"summary_large_image\" \/>\n<meta name=\"twitter:label1\" content=\"\u00c9crit par\" \/>\n\t<meta name=\"twitter:data1\" content=\"Agora Fabrics\" \/>\n\t<meta name=\"twitter:label2\" content=\"Dur\u00e9e de lecture estim\u00e9e\" \/>\n\t<meta name=\"twitter:data2\" content=\"2 minutes\" \/>\n<script type=\"application\/ld+json\" class=\"yoast-schema-graph\">{\"@context\":\"https:\\\/\\\/schema.org\",\"@graph\":[{\"@type\":\"Article\",\"@id\":\"https:\\\/\\\/agorafabrics.com\\\/fr\\\/agora-fabrics-au-salone-del-mobile-et-fuorisalone-2026\\\/#article\",\"isPartOf\":{\"@id\":\"https:\\\/\\\/agorafabrics.com\\\/fr\\\/agora-fabrics-au-salone-del-mobile-et-fuorisalone-2026\\\/\"},\"author\":{\"name\":\"Agora Fabrics\",\"@id\":\"https:\\\/\\\/agorafabrics.com\\\/fr\\\/#\\\/schema\\\/person\\\/ae64a2daaa1a97f36b2fad01f14df23c\"},\"headline\":\"Pr\u00e9parez-vous \u00e0 la semaine du design de Milan !\",\"datePublished\":\"2026-04-09T11:08:14+00:00\",\"dateModified\":\"2026-04-29T09:37:09+00:00\",\"mainEntityOfPage\":{\"@id\":\"https:\\\/\\\/agorafabrics.com\\\/fr\\\/agora-fabrics-au-salone-del-mobile-et-fuorisalone-2026\\\/\"},\"wordCount\":348,\"publisher\":{\"@id\":\"https:\\\/\\\/agorafabrics.com\\\/fr\\\/#organization\"},\"image\":{\"@id\":\"https:\\\/\\\/agorafabrics.com\\\/fr\\\/agora-fabrics-au-salone-del-mobile-et-fuorisalone-2026\\\/#primaryimage\"},\"thumbnailUrl\":\"https:\\\/\\\/agorafabrics.com\\\/wp-content\\\/uploads\\\/2026\\\/04\\\/PUESTA-DE-SOL-1.png\",\"articleSection\":[\"Foires\"],\"inLanguage\":\"fr-FR\"},{\"@type\":\"WebPage\",\"@id\":\"https:\\\/\\\/agorafabrics.com\\\/fr\\\/agora-fabrics-au-salone-del-mobile-et-fuorisalone-2026\\\/\",\"url\":\"https:\\\/\\\/agorafabrics.com\\\/fr\\\/agora-fabrics-au-salone-del-mobile-et-fuorisalone-2026\\\/\",\"name\":\"Pr\u00e9parez-vous \u00e0 la semaine du design de Milan ! - Agora\",\"isPartOf\":{\"@id\":\"https:\\\/\\\/agorafabrics.com\\\/fr\\\/#website\"},\"primaryImageOfPage\":{\"@id\":\"https:\\\/\\\/agorafabrics.com\\\/fr\\\/agora-fabrics-au-salone-del-mobile-et-fuorisalone-2026\\\/#primaryimage\"},\"image\":{\"@id\":\"https:\\\/\\\/agorafabrics.com\\\/fr\\\/agora-fabrics-au-salone-del-mobile-et-fuorisalone-2026\\\/#primaryimage\"},\"thumbnailUrl\":\"https:\\\/\\\/agorafabrics.com\\\/wp-content\\\/uploads\\\/2026\\\/04\\\/PUESTA-DE-SOL-1.png\",\"datePublished\":\"2026-04-09T11:08:14+00:00\",\"dateModified\":\"2026-04-29T09:37:09+00:00\",\"breadcrumb\":{\"@id\":\"https:\\\/\\\/agorafabrics.com\\\/fr\\\/agora-fabrics-au-salone-del-mobile-et-fuorisalone-2026\\\/#breadcrumb\"},\"inLanguage\":\"fr-FR\",\"potentialAction\":[{\"@type\":\"ReadAction\",\"target\":[\"https:\\\/\\\/agorafabrics.com\\\/fr\\\/agora-fabrics-au-salone-del-mobile-et-fuorisalone-2026\\\/\"]}]},{\"@type\":\"ImageObject\",\"inLanguage\":\"fr-FR\",\"@id\":\"https:\\\/\\\/agorafabrics.com\\\/fr\\\/agora-fabrics-au-salone-del-mobile-et-fuorisalone-2026\\\/#primaryimage\",\"url\":\"https:\\\/\\\/agorafabrics.com\\\/wp-content\\\/uploads\\\/2026\\\/04\\\/PUESTA-DE-SOL-1.png\",\"contentUrl\":\"https:\\\/\\\/agorafabrics.com\\\/wp-content\\\/uploads\\\/2026\\\/04\\\/PUESTA-DE-SOL-1.png\",\"width\":1080,\"height\":1350},{\"@type\":\"BreadcrumbList\",\"@id\":\"https:\\\/\\\/agorafabrics.com\\\/fr\\\/agora-fabrics-au-salone-del-mobile-et-fuorisalone-2026\\\/#breadcrumb\",\"itemListElement\":[{\"@type\":\"ListItem\",\"position\":1,\"name\":\"Portada\",\"item\":\"https:\\\/\\\/agorafabrics.com\\\/fr\\\/accueil\\\/\"},{\"@type\":\"ListItem\",\"position\":2,\"name\":\"Pr\u00e9parez-vous \u00e0 la semaine du design de Milan !\"}]},{\"@type\":\"WebSite\",\"@id\":\"https:\\\/\\\/agorafabrics.com\\\/fr\\\/#website\",\"url\":\"https:\\\/\\\/agorafabrics.com\\\/fr\\\/\",\"name\":\"Agora\",\"description\":\"F\u00e1brica de tejidos y telas para exterior\",\"publisher\":{\"@id\":\"https:\\\/\\\/agorafabrics.com\\\/fr\\\/#organization\"},\"potentialAction\":[{\"@type\":\"SearchAction\",\"target\":{\"@type\":\"EntryPoint\",\"urlTemplate\":\"https:\\\/\\\/agorafabrics.com\\\/fr\\\/?s={search_term_string}\"},\"query-input\":{\"@type\":\"PropertyValueSpecification\",\"valueRequired\":true,\"valueName\":\"search_term_string\"}}],\"inLanguage\":\"fr-FR\"},{\"@type\":\"Organization\",\"@id\":\"https:\\\/\\\/agorafabrics.com\\\/fr\\\/#organization\",\"name\":\"Tissus Agora\",\"url\":\"https:\\\/\\\/agorafabrics.com\\\/fr\\\/\",\"logo\":{\"@type\":\"ImageObject\",\"inLanguage\":\"fr-FR\",\"@id\":\"https:\\\/\\\/agorafabrics.com\\\/fr\\\/#\\\/schema\\\/logo\\\/image\\\/\",\"url\":\"https:\\\/\\\/agorafabrics.com\\\/wp-content\\\/uploads\\\/2024\\\/07\\\/Agora-Logo.jpg\",\"contentUrl\":\"https:\\\/\\\/agorafabrics.com\\\/wp-content\\\/uploads\\\/2024\\\/07\\\/Agora-Logo.jpg\",\"width\":2292,\"height\":756,\"caption\":\"Tissus Agora\"},\"image\":{\"@id\":\"https:\\\/\\\/agorafabrics.com\\\/fr\\\/#\\\/schema\\\/logo\\\/image\\\/\"},\"sameAs\":[\"https:\\\/\\\/www.facebook.com\\\/agorafabrics\\\/\",\"https:\\\/\\\/www.instagram.com\\\/agorafabrics\\\/\",\"https:\\\/\\\/www.linkedin.com\\\/company\\\/tuvatextil\\\/\",\"https:\\\/\\\/vimeo.com\\\/user139090508\",\"https:\\\/\\\/www.youtube.com\\\/channel\\\/UC6iNTVqBR6UsJBzO5OZTymw\",\"https:\\\/\\\/www.pinterest.es\\\/agorafabrics\\\/\"]},{\"@type\":\"Person\",\"@id\":\"https:\\\/\\\/agorafabrics.com\\\/fr\\\/#\\\/schema\\\/person\\\/ae64a2daaa1a97f36b2fad01f14df23c\",\"name\":\"Agora Fabrics\",\"image\":{\"@type\":\"ImageObject\",\"inLanguage\":\"fr-FR\",\"@id\":\"https:\\\/\\\/secure.gravatar.com\\\/avatar\\\/de19380d65cc648fc86cb15b26bc3ba1970506617d628a740205c34cb6b3e595?s=96&d=mm&r=g\",\"url\":\"https:\\\/\\\/secure.gravatar.com\\\/avatar\\\/de19380d65cc648fc86cb15b26bc3ba1970506617d628a740205c34cb6b3e595?s=96&d=mm&r=g\",\"contentUrl\":\"https:\\\/\\\/secure.gravatar.com\\\/avatar\\\/de19380d65cc648fc86cb15b26bc3ba1970506617d628a740205c34cb6b3e595?s=96&d=mm&r=g\",\"caption\":\"Agora Fabrics\"}}]}<\/script>\n<!-- \/ Yoast SEO plugin. -->","yoast_head_json":{"title":"Pr\u00e9parez-vous \u00e0 la semaine du design de Milan ! - Agora","robots":{"index":"index","follow":"follow","max-snippet":"max-snippet:-1","max-image-preview":"max-image-preview:large","max-video-preview":"max-video-preview:-1"},"canonical":"https:\/\/agorafabrics.com\/fr\/agora-fabrics-au-salone-del-mobile-et-fuorisalone-2026\/","og_locale":"fr_FR","og_type":"article","og_title":"Pr\u00e9parez-vous \u00e0 la semaine du design de Milan ! - Agora","og_description":"Agora Fabrics au Salone del Mobile et Fuorisalone 2026 : collections, stand et participation Une ann\u00e9e de plus, nous serons pr\u00e9sents au Salone del Mobile de Milano 2026 (21\u201326 avril), o\u00f9 nous pr\u00e9senterons nos derni\u00e8res collections au Hall 5 Stand A20. Avec cette pr\u00e9sence, nous renfor\u00e7ons notre position dans l\u2019un des principaux rendez-vous internationaux du [&hellip;]","og_url":"https:\/\/agorafabrics.com\/fr\/agora-fabrics-au-salone-del-mobile-et-fuorisalone-2026\/","og_site_name":"Agora","article_publisher":"https:\/\/www.facebook.com\/agorafabrics\/","article_published_time":"2026-04-09T11:08:14+00:00","article_modified_time":"2026-04-29T09:37:09+00:00","og_image":[{"width":819,"height":1024,"url":"https:\/\/agorafabrics.com\/wp-content\/uploads\/2026\/04\/PUESTA-DE-SOL-1-819x1024.png","type":"image\/png"}],"author":"Agora Fabrics","twitter_card":"summary_large_image","twitter_misc":{"\u00c9crit par":"Agora Fabrics","Dur\u00e9e de lecture estim\u00e9e":"2 minutes"},"schema":{"@context":"https:\/\/schema.org","@graph":[{"@type":"Article","@id":"https:\/\/agorafabrics.com\/fr\/agora-fabrics-au-salone-del-mobile-et-fuorisalone-2026\/#article","isPartOf":{"@id":"https:\/\/agorafabrics.com\/fr\/agora-fabrics-au-salone-del-mobile-et-fuorisalone-2026\/"},"author":{"name":"Agora Fabrics","@id":"https:\/\/agorafabrics.com\/fr\/#\/schema\/person\/ae64a2daaa1a97f36b2fad01f14df23c"},"headline":"Pr\u00e9parez-vous \u00e0 la semaine du design de Milan !","datePublished":"2026-04-09T11:08:14+00:00","dateModified":"2026-04-29T09:37:09+00:00","mainEntityOfPage":{"@id":"https:\/\/agorafabrics.com\/fr\/agora-fabrics-au-salone-del-mobile-et-fuorisalone-2026\/"},"wordCount":348,"publisher":{"@id":"https:\/\/agorafabrics.com\/fr\/#organization"},"image":{"@id":"https:\/\/agorafabrics.com\/fr\/agora-fabrics-au-salone-del-mobile-et-fuorisalone-2026\/#primaryimage"},"thumbnailUrl":"https:\/\/agorafabrics.com\/wp-content\/uploads\/2026\/04\/PUESTA-DE-SOL-1.png","articleSection":["Foires"],"inLanguage":"fr-FR"},{"@type":"WebPage","@id":"https:\/\/agorafabrics.com\/fr\/agora-fabrics-au-salone-del-mobile-et-fuorisalone-2026\/","url":"https:\/\/agorafabrics.com\/fr\/agora-fabrics-au-salone-del-mobile-et-fuorisalone-2026\/","name":"Pr\u00e9parez-vous \u00e0 la semaine du design de Milan ! - Agora","isPartOf":{"@id":"https:\/\/agorafabrics.com\/fr\/#website"},"primaryImageOfPage":{"@id":"https:\/\/agorafabrics.com\/fr\/agora-fabrics-au-salone-del-mobile-et-fuorisalone-2026\/#primaryimage"},"image":{"@id":"https:\/\/agorafabrics.com\/fr\/agora-fabrics-au-salone-del-mobile-et-fuorisalone-2026\/#primaryimage"},"thumbnailUrl":"https:\/\/agorafabrics.com\/wp-content\/uploads\/2026\/04\/PUESTA-DE-SOL-1.png","datePublished":"2026-04-09T11:08:14+00:00","dateModified":"2026-04-29T09:37:09+00:00","breadcrumb":{"@id":"https:\/\/agorafabrics.com\/fr\/agora-fabrics-au-salone-del-mobile-et-fuorisalone-2026\/#breadcrumb"},"inLanguage":"fr-FR","potentialAction":[{"@type":"ReadAction","target":["https:\/\/agorafabrics.com\/fr\/agora-fabrics-au-salone-del-mobile-et-fuorisalone-2026\/"]}]},{"@type":"ImageObject","inLanguage":"fr-FR","@id":"https:\/\/agorafabrics.com\/fr\/agora-fabrics-au-salone-del-mobile-et-fuorisalone-2026\/#primaryimage","url":"https:\/\/agorafabrics.com\/wp-content\/uploads\/2026\/04\/PUESTA-DE-SOL-1.png","contentUrl":"https:\/\/agorafabrics.com\/wp-content\/uploads\/2026\/04\/PUESTA-DE-SOL-1.png","width":1080,"height":1350},{"@type":"BreadcrumbList","@id":"https:\/\/agorafabrics.com\/fr\/agora-fabrics-au-salone-del-mobile-et-fuorisalone-2026\/#breadcrumb","itemListElement":[{"@type":"ListItem","position":1,"name":"Portada","item":"https:\/\/agorafabrics.com\/fr\/accueil\/"},{"@type":"ListItem","position":2,"name":"Pr\u00e9parez-vous \u00e0 la semaine du design de Milan !"}]},{"@type":"WebSite","@id":"https:\/\/agorafabrics.com\/fr\/#website","url":"https:\/\/agorafabrics.com\/fr\/","name":"Agora","description":"F\u00e1brica de tejidos y telas para exterior","publisher":{"@id":"https:\/\/agorafabrics.com\/fr\/#organization"},"potentialAction":[{"@type":"SearchAction","target":{"@type":"EntryPoint","urlTemplate":"https:\/\/agorafabrics.com\/fr\/?s={search_term_string}"},"query-input":{"@type":"PropertyValueSpecification","valueRequired":true,"valueName":"search_term_string"}}],"inLanguage":"fr-FR"},{"@type":"Organization","@id":"https:\/\/agorafabrics.com\/fr\/#organization","name":"Tissus Agora","url":"https:\/\/agorafabrics.com\/fr\/","logo":{"@type":"ImageObject","inLanguage":"fr-FR","@id":"https:\/\/agorafabrics.com\/fr\/#\/schema\/logo\/image\/","url":"https:\/\/agorafabrics.com\/wp-content\/uploads\/2024\/07\/Agora-Logo.jpg","contentUrl":"https:\/\/agorafabrics.com\/wp-content\/uploads\/2024\/07\/Agora-Logo.jpg","width":2292,"height":756,"caption":"Tissus Agora"},"image":{"@id":"https:\/\/agorafabrics.com\/fr\/#\/schema\/logo\/image\/"},"sameAs":["https:\/\/www.facebook.com\/agorafabrics\/","https:\/\/www.instagram.com\/agorafabrics\/","https:\/\/www.linkedin.com\/company\/tuvatextil\/","https:\/\/vimeo.com\/user139090508","https:\/\/www.youtube.com\/channel\/UC6iNTVqBR6UsJBzO5OZTymw","https:\/\/www.pinterest.es\/agorafabrics\/"]},{"@type":"Person","@id":"https:\/\/agorafabrics.com\/fr\/#\/schema\/person\/ae64a2daaa1a97f36b2fad01f14df23c","name":"Agora Fabrics","image":{"@type":"ImageObject","inLanguage":"fr-FR","@id":"https:\/\/secure.gravatar.com\/avatar\/de19380d65cc648fc86cb15b26bc3ba1970506617d628a740205c34cb6b3e595?s=96&d=mm&r=g","url":"https:\/\/secure.gravatar.com\/avatar\/de19380d65cc648fc86cb15b26bc3ba1970506617d628a740205c34cb6b3e595?s=96&d=mm&r=g","contentUrl":"https:\/\/secure.gravatar.com\/avatar\/de19380d65cc648fc86cb15b26bc3ba1970506617d628a740205c34cb6b3e595?s=96&d=mm&r=g","caption":"Agora Fabrics"}}]}},"_links":{"self":[{"href":"https:\/\/agorafabrics.com\/fr\/wp-json\/wp\/v2\/posts\/28701","targetHints":{"allow":["GET"]}}],"collection":[{"href":"https:\/\/agorafabrics.com\/fr\/wp-json\/wp\/v2\/posts"}],"about":[{"href":"https:\/\/agorafabrics.com\/fr\/wp-json\/wp\/v2\/types\/post"}],"author":[{"embeddable":true,"href":"https:\/\/agorafabrics.com\/fr\/wp-json\/wp\/v2\/users\/2"}],"replies":[{"embeddable":true,"href":"https:\/\/agorafabrics.com\/fr\/wp-json\/wp\/v2\/comments?post=28701"}],"version-history":[{"count":7,"href":"https:\/\/agorafabrics.com\/fr\/wp-json\/wp\/v2\/posts\/28701\/revisions"}],"predecessor-version":[{"id":29098,"href":"https:\/\/agorafabrics.com\/fr\/wp-json\/wp\/v2\/posts\/28701\/revisions\/29098"}],"wp:featuredmedia":[{"embeddable":true,"href":"https:\/\/agorafabrics.com\/fr\/wp-json\/wp\/v2\/media\/28705"}],"wp:attachment":[{"href":"https:\/\/agorafabrics.com\/fr\/wp-json\/wp\/v2\/media?parent=28701"}],"wp:term":[{"taxonomy":"category","embeddable":true,"href":"https:\/\/agorafabrics.com\/fr\/wp-json\/wp\/v2\/categories?post=28701"},{"taxonomy":"post_tag","embeddable":true,"href":"https:\/\/agorafabrics.com\/fr\/wp-json\/wp\/v2\/tags?post=28701"},{"taxonomy":"sin-portada","embeddable":true,"href":"https:\/\/agorafabrics.com\/fr\/wp-json\/wp\/v2\/sin-portada?post=28701"}],"curies":[{"name":"wp","href":"https:\/\/api.w.org\/{rel}","templated":true}]}}