{"id":24411,"date":"2025-03-26T11:43:15","date_gmt":"2025-03-26T10:43:15","guid":{"rendered":"https:\/\/agorafabrics.com\/tissus-recycles-presentation-dagora-life\/"},"modified":"2025-03-26T11:43:15","modified_gmt":"2025-03-26T10:43:15","slug":"tissus-recycles-presentation-dagora-life","status":"publish","type":"post","link":"https:\/\/agorafabrics.com\/fr\/tissus-recycles-presentation-dagora-life\/","title":{"rendered":"Tissus recycl\u00e9s : Pr\u00e9sentation d&rsquo;Agora\u00ae Life"},"content":{"rendered":"<p><strong>Des tissus pour aujourd&rsquo;hui, en pensant \u00e0 demain<\/strong><\/p>\n<p>Agora Life est une ligne de tissus recycl\u00e9s con\u00e7us pour vous et notre environnement.<\/p>\n<p>Chez Agora, nous avons toujours cherch\u00e9 \u00e0 fabriquer des tissus durables, mais nous mettons en place des alternatives dans notre syst\u00e8me de production afin de minimiser notre impact sur l&rsquo;environnement.<\/p>\n<p><iframe title=\"This is Agora Life\" width=\"800\" height=\"450\" src=\"https:\/\/www.youtube.com\/embed\/oTqTU07daBU?feature=oembed\" frameborder=\"0\" allow=\"accelerometer; autoplay; clipboard-write; encrypted-media; gyroscope; picture-in-picture; web-share\" referrerpolicy=\"strict-origin-when-cross-origin\" allowfullscreen><\/iframe><\/p>\n<p>Nous recyclons et donnons une nouvelle vie aux d\u00e9chets textiles, tels que les surplus et les tissus de seconde qualit\u00e9, r\u00e9duisant ainsi notre consommation d&rsquo;eau et de produits chimiques, ainsi que nos \u00e9missions de CO2.<\/p>\n<p>En outre, les tissus Agora Life ont une finition sans fluor qui est plus biod\u00e9gradable.<\/p>\n<p>Ce nouveau tissu conserve les m\u00eames qualit\u00e9s exceptionnelles et le m\u00eame confort que les tissus Agora, mais il est cr\u00e9\u00e9 de mani\u00e8re plus consciente.<\/p>\n<p>Agora Life est disponible en trois textures &#8211; Life, Panama et Wabi &#8211; dans six couleurs diff\u00e9rentes &#8211; Ecru, Avoine, Beige, Indigo, Basalte, Quartz &#8211; inspir\u00e9es de la nature.<\/p>\n<p>Vivez une exp\u00e9rience responsable, vivez <a href=\"https:\/\/agorafabrics.com\/fr\/linea\/agora-life\/\">Agora Life<\/a>.<\/p>\n<p><strong>D\u00e9couvrez Agora Life<\/strong><\/p>\n","protected":false},"excerpt":{"rendered":"<p>Des tissus pour aujourd&rsquo;hui, en pensant \u00e0 demain Agora Life est une ligne de tissus recycl\u00e9s con\u00e7us pour vous et notre environnement. Chez Agora, nous avons toujours cherch\u00e9 \u00e0 fabriquer des tissus durables, mais nous mettons en place des alternatives dans notre syst\u00e8me de production afin de minimiser notre impact sur l&rsquo;environnement. Nous recyclons et [&hellip;]<\/p>\n","protected":false},"author":1,"featured_media":0,"comment_status":"closed","ping_status":"closed","sticky":false,"template":"","format":"standard","meta":{"_acf_changed":false,"footnotes":""},"categories":[1124],"tags":[],"sin-portada":[],"class_list":["post-24411","post","type-post","status-publish","format-standard","hentry","category-agora-recycle"],"acf":[],"yoast_head":"<!-- This site is optimized with the Yoast SEO plugin v27.5 - https:\/\/yoast.com\/product\/yoast-seo-wordpress\/ -->\n<title>Tissus recycl\u00e9s : Pr\u00e9sentation d&#039;Agora\u00ae Life - Agora<\/title>\n<meta name=\"robots\" content=\"index, follow, max-snippet:-1, max-image-preview:large, max-video-preview:-1\" \/>\n<link rel=\"canonical\" href=\"https:\/\/agorafabrics.com\/fr\/tissus-recycles-presentation-dagora-life\/\" \/>\n<meta property=\"og:locale\" content=\"fr_FR\" \/>\n<meta property=\"og:type\" content=\"article\" \/>\n<meta property=\"og:title\" content=\"Tissus recycl\u00e9s : Pr\u00e9sentation d&#039;Agora\u00ae Life - Agora\" \/>\n<meta property=\"og:description\" content=\"Des tissus pour aujourd&rsquo;hui, en pensant \u00e0 demain Agora Life est une ligne de tissus recycl\u00e9s con\u00e7us pour vous et notre environnement. Chez Agora, nous avons toujours cherch\u00e9 \u00e0 fabriquer des tissus durables, mais nous mettons en place des alternatives dans notre syst\u00e8me de production afin de minimiser notre impact sur l&rsquo;environnement. Nous recyclons et [&hellip;]\" \/>\n<meta property=\"og:url\" content=\"https:\/\/agorafabrics.com\/fr\/tissus-recycles-presentation-dagora-life\/\" \/>\n<meta property=\"og:site_name\" content=\"Agora\" \/>\n<meta property=\"article:publisher\" content=\"https:\/\/www.facebook.com\/agorafabrics\/\" \/>\n<meta property=\"article:published_time\" content=\"2025-03-26T10:43:15+00:00\" \/>\n<meta name=\"author\" content=\"otz.admin\" \/>\n<meta name=\"twitter:card\" content=\"summary_large_image\" \/>\n<meta name=\"twitter:label1\" content=\"\u00c9crit par\" \/>\n\t<meta name=\"twitter:data1\" content=\"otz.admin\" \/>\n\t<meta name=\"twitter:label2\" content=\"Dur\u00e9e de lecture estim\u00e9e\" \/>\n\t<meta name=\"twitter:data2\" content=\"1 minute\" \/>\n<script type=\"application\/ld+json\" class=\"yoast-schema-graph\">{\"@context\":\"https:\\\/\\\/schema.org\",\"@graph\":[{\"@type\":\"Article\",\"@id\":\"https:\\\/\\\/agorafabrics.com\\\/fr\\\/tissus-recycles-presentation-dagora-life\\\/#article\",\"isPartOf\":{\"@id\":\"https:\\\/\\\/agorafabrics.com\\\/fr\\\/tissus-recycles-presentation-dagora-life\\\/\"},\"author\":{\"name\":\"otz.admin\",\"@id\":\"https:\\\/\\\/agorafabrics.com\\\/fr\\\/#\\\/schema\\\/person\\\/c8ac3cbd8acd3cf475ab0c6f4eaba995\"},\"headline\":\"Tissus recycl\u00e9s : Pr\u00e9sentation d&rsquo;Agora\u00ae Life\",\"datePublished\":\"2025-03-26T10:43:15+00:00\",\"mainEntityOfPage\":{\"@id\":\"https:\\\/\\\/agorafabrics.com\\\/fr\\\/tissus-recycles-presentation-dagora-life\\\/\"},\"wordCount\":196,\"publisher\":{\"@id\":\"https:\\\/\\\/agorafabrics.com\\\/fr\\\/#organization\"},\"articleSection\":[\"Agora Recycl\u00e9\"],\"inLanguage\":\"fr-FR\"},{\"@type\":\"WebPage\",\"@id\":\"https:\\\/\\\/agorafabrics.com\\\/fr\\\/tissus-recycles-presentation-dagora-life\\\/\",\"url\":\"https:\\\/\\\/agorafabrics.com\\\/fr\\\/tissus-recycles-presentation-dagora-life\\\/\",\"name\":\"Tissus recycl\u00e9s : Pr\u00e9sentation d'Agora\u00ae Life - Agora\",\"isPartOf\":{\"@id\":\"https:\\\/\\\/agorafabrics.com\\\/fr\\\/#website\"},\"datePublished\":\"2025-03-26T10:43:15+00:00\",\"breadcrumb\":{\"@id\":\"https:\\\/\\\/agorafabrics.com\\\/fr\\\/tissus-recycles-presentation-dagora-life\\\/#breadcrumb\"},\"inLanguage\":\"fr-FR\",\"potentialAction\":[{\"@type\":\"ReadAction\",\"target\":[\"https:\\\/\\\/agorafabrics.com\\\/fr\\\/tissus-recycles-presentation-dagora-life\\\/\"]}]},{\"@type\":\"BreadcrumbList\",\"@id\":\"https:\\\/\\\/agorafabrics.com\\\/fr\\\/tissus-recycles-presentation-dagora-life\\\/#breadcrumb\",\"itemListElement\":[{\"@type\":\"ListItem\",\"position\":1,\"name\":\"Portada\",\"item\":\"https:\\\/\\\/agorafabrics.com\\\/fr\\\/accueil\\\/\"},{\"@type\":\"ListItem\",\"position\":2,\"name\":\"Tissus recycl\u00e9s : Pr\u00e9sentation d&#8217;Agora\u00ae Life\"}]},{\"@type\":\"WebSite\",\"@id\":\"https:\\\/\\\/agorafabrics.com\\\/fr\\\/#website\",\"url\":\"https:\\\/\\\/agorafabrics.com\\\/fr\\\/\",\"name\":\"Agora\",\"description\":\"F\u00e1brica de tejidos y telas para exterior\",\"publisher\":{\"@id\":\"https:\\\/\\\/agorafabrics.com\\\/fr\\\/#organization\"},\"potentialAction\":[{\"@type\":\"SearchAction\",\"target\":{\"@type\":\"EntryPoint\",\"urlTemplate\":\"https:\\\/\\\/agorafabrics.com\\\/fr\\\/?s={search_term_string}\"},\"query-input\":{\"@type\":\"PropertyValueSpecification\",\"valueRequired\":true,\"valueName\":\"search_term_string\"}}],\"inLanguage\":\"fr-FR\"},{\"@type\":\"Organization\",\"@id\":\"https:\\\/\\\/agorafabrics.com\\\/fr\\\/#organization\",\"name\":\"Tissus Agora\",\"url\":\"https:\\\/\\\/agorafabrics.com\\\/fr\\\/\",\"logo\":{\"@type\":\"ImageObject\",\"inLanguage\":\"fr-FR\",\"@id\":\"https:\\\/\\\/agorafabrics.com\\\/fr\\\/#\\\/schema\\\/logo\\\/image\\\/\",\"url\":\"https:\\\/\\\/agorafabrics.com\\\/wp-content\\\/uploads\\\/2024\\\/07\\\/Agora-Logo.jpg\",\"contentUrl\":\"https:\\\/\\\/agorafabrics.com\\\/wp-content\\\/uploads\\\/2024\\\/07\\\/Agora-Logo.jpg\",\"width\":2292,\"height\":756,\"caption\":\"Tissus Agora\"},\"image\":{\"@id\":\"https:\\\/\\\/agorafabrics.com\\\/fr\\\/#\\\/schema\\\/logo\\\/image\\\/\"},\"sameAs\":[\"https:\\\/\\\/www.facebook.com\\\/agorafabrics\\\/\",\"https:\\\/\\\/www.instagram.com\\\/agorafabrics\\\/\",\"https:\\\/\\\/www.linkedin.com\\\/company\\\/tuvatextil\\\/\",\"https:\\\/\\\/vimeo.com\\\/user139090508\",\"https:\\\/\\\/www.youtube.com\\\/channel\\\/UC6iNTVqBR6UsJBzO5OZTymw\",\"https:\\\/\\\/www.pinterest.es\\\/agorafabrics\\\/\"]},{\"@type\":\"Person\",\"@id\":\"https:\\\/\\\/agorafabrics.com\\\/fr\\\/#\\\/schema\\\/person\\\/c8ac3cbd8acd3cf475ab0c6f4eaba995\",\"name\":\"otz.admin\",\"image\":{\"@type\":\"ImageObject\",\"inLanguage\":\"fr-FR\",\"@id\":\"https:\\\/\\\/secure.gravatar.com\\\/avatar\\\/4e76a9aa26509050f877c7a5b3894622bb50009067025ad428fa5c868d9c248d?s=96&d=mm&r=g\",\"url\":\"https:\\\/\\\/secure.gravatar.com\\\/avatar\\\/4e76a9aa26509050f877c7a5b3894622bb50009067025ad428fa5c868d9c248d?s=96&d=mm&r=g\",\"contentUrl\":\"https:\\\/\\\/secure.gravatar.com\\\/avatar\\\/4e76a9aa26509050f877c7a5b3894622bb50009067025ad428fa5c868d9c248d?s=96&d=mm&r=g\",\"caption\":\"otz.admin\"},\"sameAs\":[\"https:\\\/\\\/agorafabrics.com\"]}]}<\/script>\n<!-- \/ Yoast SEO plugin. -->","yoast_head_json":{"title":"Tissus recycl\u00e9s : Pr\u00e9sentation d'Agora\u00ae Life - Agora","robots":{"index":"index","follow":"follow","max-snippet":"max-snippet:-1","max-image-preview":"max-image-preview:large","max-video-preview":"max-video-preview:-1"},"canonical":"https:\/\/agorafabrics.com\/fr\/tissus-recycles-presentation-dagora-life\/","og_locale":"fr_FR","og_type":"article","og_title":"Tissus recycl\u00e9s : Pr\u00e9sentation d'Agora\u00ae Life - Agora","og_description":"Des tissus pour aujourd&rsquo;hui, en pensant \u00e0 demain Agora Life est une ligne de tissus recycl\u00e9s con\u00e7us pour vous et notre environnement. Chez Agora, nous avons toujours cherch\u00e9 \u00e0 fabriquer des tissus durables, mais nous mettons en place des alternatives dans notre syst\u00e8me de production afin de minimiser notre impact sur l&rsquo;environnement. Nous recyclons et [&hellip;]","og_url":"https:\/\/agorafabrics.com\/fr\/tissus-recycles-presentation-dagora-life\/","og_site_name":"Agora","article_publisher":"https:\/\/www.facebook.com\/agorafabrics\/","article_published_time":"2025-03-26T10:43:15+00:00","author":"otz.admin","twitter_card":"summary_large_image","twitter_misc":{"\u00c9crit par":"otz.admin","Dur\u00e9e de lecture estim\u00e9e":"1 minute"},"schema":{"@context":"https:\/\/schema.org","@graph":[{"@type":"Article","@id":"https:\/\/agorafabrics.com\/fr\/tissus-recycles-presentation-dagora-life\/#article","isPartOf":{"@id":"https:\/\/agorafabrics.com\/fr\/tissus-recycles-presentation-dagora-life\/"},"author":{"name":"otz.admin","@id":"https:\/\/agorafabrics.com\/fr\/#\/schema\/person\/c8ac3cbd8acd3cf475ab0c6f4eaba995"},"headline":"Tissus recycl\u00e9s : Pr\u00e9sentation d&rsquo;Agora\u00ae Life","datePublished":"2025-03-26T10:43:15+00:00","mainEntityOfPage":{"@id":"https:\/\/agorafabrics.com\/fr\/tissus-recycles-presentation-dagora-life\/"},"wordCount":196,"publisher":{"@id":"https:\/\/agorafabrics.com\/fr\/#organization"},"articleSection":["Agora Recycl\u00e9"],"inLanguage":"fr-FR"},{"@type":"WebPage","@id":"https:\/\/agorafabrics.com\/fr\/tissus-recycles-presentation-dagora-life\/","url":"https:\/\/agorafabrics.com\/fr\/tissus-recycles-presentation-dagora-life\/","name":"Tissus recycl\u00e9s : Pr\u00e9sentation d'Agora\u00ae Life - Agora","isPartOf":{"@id":"https:\/\/agorafabrics.com\/fr\/#website"},"datePublished":"2025-03-26T10:43:15+00:00","breadcrumb":{"@id":"https:\/\/agorafabrics.com\/fr\/tissus-recycles-presentation-dagora-life\/#breadcrumb"},"inLanguage":"fr-FR","potentialAction":[{"@type":"ReadAction","target":["https:\/\/agorafabrics.com\/fr\/tissus-recycles-presentation-dagora-life\/"]}]},{"@type":"BreadcrumbList","@id":"https:\/\/agorafabrics.com\/fr\/tissus-recycles-presentation-dagora-life\/#breadcrumb","itemListElement":[{"@type":"ListItem","position":1,"name":"Portada","item":"https:\/\/agorafabrics.com\/fr\/accueil\/"},{"@type":"ListItem","position":2,"name":"Tissus recycl\u00e9s : Pr\u00e9sentation d&#8217;Agora\u00ae Life"}]},{"@type":"WebSite","@id":"https:\/\/agorafabrics.com\/fr\/#website","url":"https:\/\/agorafabrics.com\/fr\/","name":"Agora","description":"F\u00e1brica de tejidos y telas para exterior","publisher":{"@id":"https:\/\/agorafabrics.com\/fr\/#organization"},"potentialAction":[{"@type":"SearchAction","target":{"@type":"EntryPoint","urlTemplate":"https:\/\/agorafabrics.com\/fr\/?s={search_term_string}"},"query-input":{"@type":"PropertyValueSpecification","valueRequired":true,"valueName":"search_term_string"}}],"inLanguage":"fr-FR"},{"@type":"Organization","@id":"https:\/\/agorafabrics.com\/fr\/#organization","name":"Tissus Agora","url":"https:\/\/agorafabrics.com\/fr\/","logo":{"@type":"ImageObject","inLanguage":"fr-FR","@id":"https:\/\/agorafabrics.com\/fr\/#\/schema\/logo\/image\/","url":"https:\/\/agorafabrics.com\/wp-content\/uploads\/2024\/07\/Agora-Logo.jpg","contentUrl":"https:\/\/agorafabrics.com\/wp-content\/uploads\/2024\/07\/Agora-Logo.jpg","width":2292,"height":756,"caption":"Tissus Agora"},"image":{"@id":"https:\/\/agorafabrics.com\/fr\/#\/schema\/logo\/image\/"},"sameAs":["https:\/\/www.facebook.com\/agorafabrics\/","https:\/\/www.instagram.com\/agorafabrics\/","https:\/\/www.linkedin.com\/company\/tuvatextil\/","https:\/\/vimeo.com\/user139090508","https:\/\/www.youtube.com\/channel\/UC6iNTVqBR6UsJBzO5OZTymw","https:\/\/www.pinterest.es\/agorafabrics\/"]},{"@type":"Person","@id":"https:\/\/agorafabrics.com\/fr\/#\/schema\/person\/c8ac3cbd8acd3cf475ab0c6f4eaba995","name":"otz.admin","image":{"@type":"ImageObject","inLanguage":"fr-FR","@id":"https:\/\/secure.gravatar.com\/avatar\/4e76a9aa26509050f877c7a5b3894622bb50009067025ad428fa5c868d9c248d?s=96&d=mm&r=g","url":"https:\/\/secure.gravatar.com\/avatar\/4e76a9aa26509050f877c7a5b3894622bb50009067025ad428fa5c868d9c248d?s=96&d=mm&r=g","contentUrl":"https:\/\/secure.gravatar.com\/avatar\/4e76a9aa26509050f877c7a5b3894622bb50009067025ad428fa5c868d9c248d?s=96&d=mm&r=g","caption":"otz.admin"},"sameAs":["https:\/\/agorafabrics.com"]}]}},"_links":{"self":[{"href":"https:\/\/agorafabrics.com\/fr\/wp-json\/wp\/v2\/posts\/24411","targetHints":{"allow":["GET"]}}],"collection":[{"href":"https:\/\/agorafabrics.com\/fr\/wp-json\/wp\/v2\/posts"}],"about":[{"href":"https:\/\/agorafabrics.com\/fr\/wp-json\/wp\/v2\/types\/post"}],"author":[{"embeddable":true,"href":"https:\/\/agorafabrics.com\/fr\/wp-json\/wp\/v2\/users\/1"}],"replies":[{"embeddable":true,"href":"https:\/\/agorafabrics.com\/fr\/wp-json\/wp\/v2\/comments?post=24411"}],"version-history":[{"count":0,"href":"https:\/\/agorafabrics.com\/fr\/wp-json\/wp\/v2\/posts\/24411\/revisions"}],"wp:attachment":[{"href":"https:\/\/agorafabrics.com\/fr\/wp-json\/wp\/v2\/media?parent=24411"}],"wp:term":[{"taxonomy":"category","embeddable":true,"href":"https:\/\/agorafabrics.com\/fr\/wp-json\/wp\/v2\/categories?post=24411"},{"taxonomy":"post_tag","embeddable":true,"href":"https:\/\/agorafabrics.com\/fr\/wp-json\/wp\/v2\/tags?post=24411"},{"taxonomy":"sin-portada","embeddable":true,"href":"https:\/\/agorafabrics.com\/fr\/wp-json\/wp\/v2\/sin-portada?post=24411"}],"curies":[{"name":"wp","href":"https:\/\/api.w.org\/{rel}","templated":true}]}}