{"id":28926,"date":"2026-04-29T11:16:54","date_gmt":"2026-04-29T09:16:54","guid":{"rendered":"https:\/\/agorafabrics.com\/summary-salone-del-mobile-2026\/"},"modified":"2026-04-30T14:37:51","modified_gmt":"2026-04-30T12:37:51","slug":"summary-salone-del-mobile-2026","status":"publish","type":"post","link":"https:\/\/agorafabrics.com\/en\/summary-salone-del-mobile-2026\/","title":{"rendered":"From Salone to Fuorisalone: the Agora Fabrics week in Milan"},"content":{"rendered":"\t\t<div data-elementor-type=\"wp-post\" data-elementor-id=\"28926\" class=\"elementor elementor-28926 elementor-28866\" data-elementor-post-type=\"post\">\n\t\t\t\t<div class=\"elementor-element elementor-element-cb92476 e-flex e-con-boxed e-con e-parent\" data-id=\"cb92476\" data-element_type=\"container\" data-e-type=\"container\">\n\t\t\t\t\t<div class=\"e-con-inner\">\n\t\t\t\t<div class=\"elementor-element elementor-element-2575429 elementor-widget elementor-widget-text-editor\" data-id=\"2575429\" data-element_type=\"widget\" data-e-type=\"widget\" data-widget_type=\"text-editor.default\">\n\t\t\t\t\t\t\t\t\t<h2 style=\"text-align: center;\"><strong>\u00a1AGORA FABRICS EN MIL\u00c1N; ENTRE TEJIDOS, ENCUENTROS Y RECONOCIMIENTOS!<\/strong><\/h2>\t\t\t\t\t\t\t\t<\/div>\n\t\t\t\t<div class=\"elementor-element elementor-element-a0bca2a elementor-widget-divider--view-line elementor-widget elementor-widget-divider\" data-id=\"a0bca2a\" data-element_type=\"widget\" data-e-type=\"widget\" data-widget_type=\"divider.default\">\n\t\t\t\t\t\t\t<div class=\"elementor-divider\">\n\t\t\t<span class=\"elementor-divider-separator\">\n\t\t\t\t\t\t<\/span>\n\t\t<\/div>\n\t\t\t\t\t\t<\/div>\n\t\t\t\t<div class=\"elementor-element elementor-element-5531c1d elementor-widget elementor-widget-text-editor\" data-id=\"5531c1d\" data-element_type=\"widget\" data-e-type=\"widget\" data-widget_type=\"text-editor.default\">\n\t\t\t\t\t\t\t\t\t<p style=\"text-align: center;\" data-start=\"186\" data-end=\"422\">Tras una semana de actividad en el <strong data-start=\"221\" data-end=\"254\">Salone del Mobile Milano 2026<\/strong>, en Agora Fabrics hacemos balance de una edici\u00f3n marcada por la proyecci\u00f3n internacional, el intercambio profesional y la presentaci\u00f3n de nuestras \u00faltimas colecciones.<\/p><p style=\"text-align: center;\" data-start=\"424\" data-end=\"823\">Durante los d\u00edas de feria, nuestro stand ha recibido la visita de profesionales procedentes de distintos mercados internacionales, consolid\u00e1ndose como un punto de encuentro para arquitectos, interioristas, distribuidores y marcas. Estas visitas han dado lugar a nuevas conexiones y oportunidades de colaboraci\u00f3n, reforzando nuestra presencia en el \u00e1mbito global del dise\u00f1o.<\/p>\t\t\t\t\t\t\t\t<\/div>\n\t\t\t\t<div class=\"elementor-element elementor-element-a8b7a7e elementor-arrows-position-inside elementor-pagination-position-outside elementor-widget elementor-widget-image-carousel\" data-id=\"a8b7a7e\" data-element_type=\"widget\" data-e-type=\"widget\" data-settings=\"{&quot;slides_to_show&quot;:&quot;4&quot;,&quot;navigation&quot;:&quot;both&quot;,&quot;autoplay&quot;:&quot;yes&quot;,&quot;pause_on_hover&quot;:&quot;yes&quot;,&quot;pause_on_interaction&quot;:&quot;yes&quot;,&quot;autoplay_speed&quot;:5000,&quot;infinite&quot;:&quot;yes&quot;,&quot;speed&quot;:500}\" data-widget_type=\"image-carousel.default\">\n\t\t\t\t\t\t\t<div class=\"elementor-image-carousel-wrapper swiper\" role=\"region\" aria-roledescription=\"carousel\" aria-label=\"Carrusel de im\u00e1genes\" dir=\"ltr\">\n\t\t\t<div class=\"elementor-image-carousel swiper-wrapper\" aria-live=\"off\">\n\t\t\t\t\t\t\t\t<div class=\"swiper-slide\" role=\"group\" aria-roledescription=\"slide\" aria-label=\"1 of 9\"><figure class=\"swiper-slide-inner\"><img decoding=\"async\" class=\"swiper-slide-image\" src=\"https:\/\/agorafabrics.com\/wp-content\/uploads\/2026\/04\/RANDOM-240x300.jpg\" alt=\"RANDOM\" \/><\/figure><\/div><div class=\"swiper-slide\" role=\"group\" aria-roledescription=\"slide\" aria-label=\"2 of 9\"><figure class=\"swiper-slide-inner\"><img decoding=\"async\" class=\"swiper-slide-image\" src=\"https:\/\/agorafabrics.com\/wp-content\/uploads\/2026\/04\/1-240x300.jpg\" alt=\"1\" \/><\/figure><\/div><div class=\"swiper-slide\" role=\"group\" aria-roledescription=\"slide\" aria-label=\"3 of 9\"><figure class=\"swiper-slide-inner\"><img decoding=\"async\" class=\"swiper-slide-image\" src=\"https:\/\/agorafabrics.com\/wp-content\/uploads\/2026\/04\/2-240x300.jpg\" alt=\"2\" \/><\/figure><\/div><div class=\"swiper-slide\" role=\"group\" aria-roledescription=\"slide\" aria-label=\"4 of 9\"><figure class=\"swiper-slide-inner\"><img decoding=\"async\" class=\"swiper-slide-image\" src=\"https:\/\/agorafabrics.com\/wp-content\/uploads\/2026\/04\/3-240x300.jpg\" alt=\"3\" \/><\/figure><\/div><div class=\"swiper-slide\" role=\"group\" aria-roledescription=\"slide\" aria-label=\"5 of 9\"><figure class=\"swiper-slide-inner\"><img decoding=\"async\" class=\"swiper-slide-image\" src=\"https:\/\/agorafabrics.com\/wp-content\/uploads\/2026\/04\/4-240x300.jpg\" alt=\"4\" \/><\/figure><\/div><div class=\"swiper-slide\" role=\"group\" aria-roledescription=\"slide\" aria-label=\"6 of 9\"><figure class=\"swiper-slide-inner\"><img decoding=\"async\" class=\"swiper-slide-image\" src=\"https:\/\/agorafabrics.com\/wp-content\/uploads\/2026\/04\/5-240x300.jpg\" alt=\"5\" \/><\/figure><\/div><div class=\"swiper-slide\" role=\"group\" aria-roledescription=\"slide\" aria-label=\"7 of 9\"><figure class=\"swiper-slide-inner\"><img decoding=\"async\" class=\"swiper-slide-image\" src=\"https:\/\/agorafabrics.com\/wp-content\/uploads\/2026\/04\/6-240x300.jpg\" alt=\"6\" \/><\/figure><\/div><div class=\"swiper-slide\" role=\"group\" aria-roledescription=\"slide\" aria-label=\"8 of 9\"><figure class=\"swiper-slide-inner\"><img decoding=\"async\" class=\"swiper-slide-image\" src=\"https:\/\/agorafabrics.com\/wp-content\/uploads\/2026\/04\/8-240x300.jpg\" alt=\"8\" \/><\/figure><\/div><div class=\"swiper-slide\" role=\"group\" aria-roledescription=\"slide\" aria-label=\"9 of 9\"><figure class=\"swiper-slide-inner\"><img decoding=\"async\" class=\"swiper-slide-image\" src=\"https:\/\/agorafabrics.com\/wp-content\/uploads\/2026\/04\/7-240x300.jpg\" alt=\"7\" \/><\/figure><\/div>\t\t\t<\/div>\n\t\t\t\t\t\t\t\t\t\t\t\t<div class=\"elementor-swiper-button elementor-swiper-button-prev\" role=\"button\" tabindex=\"0\">\n\t\t\t\t\t\t<svg aria-hidden=\"true\" class=\"e-font-icon-svg e-eicon-chevron-left\" viewBox=\"0 0 1000 1000\" xmlns=\"http:\/\/www.w3.org\/2000\/svg\"><path d=\"M646 125C629 125 613 133 604 142L308 442C296 454 292 471 292 487 292 504 296 521 308 533L604 854C617 867 629 875 646 875 663 875 679 871 692 858 704 846 713 829 713 812 713 796 708 779 692 767L438 487 692 225C700 217 708 204 708 187 708 171 704 154 692 142 675 129 663 125 646 125Z\"><\/path><\/svg>\t\t\t\t\t<\/div>\n\t\t\t\t\t<div class=\"elementor-swiper-button elementor-swiper-button-next\" role=\"button\" tabindex=\"0\">\n\t\t\t\t\t\t<svg aria-hidden=\"true\" class=\"e-font-icon-svg e-eicon-chevron-right\" viewBox=\"0 0 1000 1000\" xmlns=\"http:\/\/www.w3.org\/2000\/svg\"><path d=\"M696 533C708 521 713 504 713 487 713 471 708 454 696 446L400 146C388 133 375 125 354 125 338 125 325 129 313 142 300 154 292 171 292 187 292 204 296 221 308 233L563 492 304 771C292 783 288 800 288 817 288 833 296 850 308 863 321 871 338 875 354 875 371 875 388 867 400 854L696 533Z\"><\/path><\/svg>\t\t\t\t\t<\/div>\n\t\t\t\t\n\t\t\t\t\t\t\t\t\t<div class=\"swiper-pagination\"><\/div>\n\t\t\t\t\t\t\t\t\t<\/div>\n\t\t\t\t\t\t<\/div>\n\t\t\t\t<div class=\"elementor-element elementor-element-321fae7 elementor-widget-divider--view-line elementor-widget elementor-widget-divider\" data-id=\"321fae7\" data-element_type=\"widget\" data-e-type=\"widget\" data-widget_type=\"divider.default\">\n\t\t\t\t\t\t\t<div class=\"elementor-divider\">\n\t\t\t<span class=\"elementor-divider-separator\">\n\t\t\t\t\t\t<\/span>\n\t\t<\/div>\n\t\t\t\t\t\t<\/div>\n\t\t\t\t<div class=\"elementor-element elementor-element-9ac3b6b elementor-widget elementor-widget-text-editor\" data-id=\"9ac3b6b\" data-element_type=\"widget\" data-e-type=\"widget\" data-widget_type=\"text-editor.default\">\n\t\t\t\t\t\t\t\t\t<p style=\"text-align: center;\" data-start=\"825\" data-end=\"1280\">En paralelo al Salone, hemos formado parte del <strong data-start=\"872\" data-end=\"887\">Fuorisalone<\/strong> a trav\u00e9s del <strong data-start=\"901\" data-end=\"948\">Appartamento Spagnolo (Palazzo Castiglioni)<\/strong>, una iniciativa impulsada por ICEX Espa\u00f1a bajo la marca <em data-start=\"1005\" data-end=\"1027\">Interiors from Spain<\/em>, en colaboraci\u00f3n con Elle Decor Italia y Studiopepe. En este contexto, nuestros tejidos se han integrado en una exposici\u00f3n colectiva, ampliando su visibilidad en un entorno m\u00e1s experiencial y conectado con el circuito creativo de la Milano Design Week.<\/p><p style=\"text-align: center;\" data-start=\"1282\" data-end=\"1671\">Uno de los momentos clave de la semana ha sido el <strong data-start=\"1332\" data-end=\"1384\">encuentro privado organizado junto a SKLD Studio<\/strong>, celebrado el jueves 23, donde hemos compartido una conversaci\u00f3n centrada en el desarrollo de producto, los procesos de dise\u00f1o y la integraci\u00f3n del textil en el mobiliario contempor\u00e1neo. Este espacio ha permitido generar un di\u00e1logo m\u00e1s cercano con profesionales y medios especializados.<\/p>\t\t\t\t\t\t\t\t<\/div>\n\t\t\t\t<div class=\"elementor-element elementor-element-dccad9e elementor-arrows-position-inside elementor-pagination-position-outside elementor-widget elementor-widget-image-carousel\" data-id=\"dccad9e\" data-element_type=\"widget\" data-e-type=\"widget\" data-settings=\"{&quot;slides_to_show&quot;:&quot;4&quot;,&quot;navigation&quot;:&quot;both&quot;,&quot;autoplay&quot;:&quot;yes&quot;,&quot;pause_on_hover&quot;:&quot;yes&quot;,&quot;pause_on_interaction&quot;:&quot;yes&quot;,&quot;autoplay_speed&quot;:5000,&quot;infinite&quot;:&quot;yes&quot;,&quot;speed&quot;:500}\" data-widget_type=\"image-carousel.default\">\n\t\t\t\t\t\t\t<div class=\"elementor-image-carousel-wrapper swiper\" role=\"region\" aria-roledescription=\"carousel\" aria-label=\"Carrusel de im\u00e1genes\" dir=\"ltr\">\n\t\t\t<div class=\"elementor-image-carousel swiper-wrapper\" aria-live=\"off\">\n\t\t\t\t\t\t\t\t<div class=\"swiper-slide\" role=\"group\" aria-roledescription=\"slide\" aria-label=\"1 of 7\"><figure class=\"swiper-slide-inner\"><img decoding=\"async\" class=\"swiper-slide-image\" src=\"https:\/\/agorafabrics.com\/wp-content\/uploads\/2026\/04\/9-240x300.jpg\" alt=\"9\" \/><\/figure><\/div><div class=\"swiper-slide\" role=\"group\" aria-roledescription=\"slide\" aria-label=\"2 of 7\"><figure class=\"swiper-slide-inner\"><img decoding=\"async\" class=\"swiper-slide-image\" src=\"https:\/\/agorafabrics.com\/wp-content\/uploads\/2026\/04\/10-240x300.jpg\" alt=\"10\" \/><\/figure><\/div><div class=\"swiper-slide\" role=\"group\" aria-roledescription=\"slide\" aria-label=\"3 of 7\"><figure class=\"swiper-slide-inner\"><img decoding=\"async\" class=\"swiper-slide-image\" src=\"https:\/\/agorafabrics.com\/wp-content\/uploads\/2026\/04\/11-240x300.jpg\" alt=\"11\" \/><\/figure><\/div><div class=\"swiper-slide\" role=\"group\" aria-roledescription=\"slide\" aria-label=\"4 of 7\"><figure class=\"swiper-slide-inner\"><img decoding=\"async\" class=\"swiper-slide-image\" src=\"https:\/\/agorafabrics.com\/wp-content\/uploads\/2026\/04\/12-240x300.jpg\" alt=\"12\" \/><\/figure><\/div><div class=\"swiper-slide\" role=\"group\" aria-roledescription=\"slide\" aria-label=\"5 of 7\"><figure class=\"swiper-slide-inner\"><img decoding=\"async\" class=\"swiper-slide-image\" src=\"https:\/\/agorafabrics.com\/wp-content\/uploads\/2026\/04\/13-240x300.jpg\" alt=\"13\" \/><\/figure><\/div><div class=\"swiper-slide\" role=\"group\" aria-roledescription=\"slide\" aria-label=\"6 of 7\"><figure class=\"swiper-slide-inner\"><img decoding=\"async\" class=\"swiper-slide-image\" src=\"https:\/\/agorafabrics.com\/wp-content\/uploads\/2026\/04\/14-240x300.jpg\" alt=\"14\" \/><\/figure><\/div><div class=\"swiper-slide\" role=\"group\" aria-roledescription=\"slide\" aria-label=\"7 of 7\"><figure class=\"swiper-slide-inner\"><img decoding=\"async\" class=\"swiper-slide-image\" src=\"https:\/\/agorafabrics.com\/wp-content\/uploads\/2026\/04\/15-240x300.jpg\" alt=\"15\" \/><\/figure><\/div>\t\t\t<\/div>\n\t\t\t\t\t\t\t\t\t\t\t\t<div class=\"elementor-swiper-button elementor-swiper-button-prev\" role=\"button\" tabindex=\"0\">\n\t\t\t\t\t\t<svg aria-hidden=\"true\" class=\"e-font-icon-svg e-eicon-chevron-left\" viewBox=\"0 0 1000 1000\" xmlns=\"http:\/\/www.w3.org\/2000\/svg\"><path d=\"M646 125C629 125 613 133 604 142L308 442C296 454 292 471 292 487 292 504 296 521 308 533L604 854C617 867 629 875 646 875 663 875 679 871 692 858 704 846 713 829 713 812 713 796 708 779 692 767L438 487 692 225C700 217 708 204 708 187 708 171 704 154 692 142 675 129 663 125 646 125Z\"><\/path><\/svg>\t\t\t\t\t<\/div>\n\t\t\t\t\t<div class=\"elementor-swiper-button elementor-swiper-button-next\" role=\"button\" tabindex=\"0\">\n\t\t\t\t\t\t<svg aria-hidden=\"true\" class=\"e-font-icon-svg e-eicon-chevron-right\" viewBox=\"0 0 1000 1000\" xmlns=\"http:\/\/www.w3.org\/2000\/svg\"><path d=\"M696 533C708 521 713 504 713 487 713 471 708 454 696 446L400 146C388 133 375 125 354 125 338 125 325 129 313 142 300 154 292 171 292 187 292 204 296 221 308 233L563 492 304 771C292 783 288 800 288 817 288 833 296 850 308 863 321 871 338 875 354 875 371 875 388 867 400 854L696 533Z\"><\/path><\/svg>\t\t\t\t\t<\/div>\n\t\t\t\t\n\t\t\t\t\t\t\t\t\t<div class=\"swiper-pagination\"><\/div>\n\t\t\t\t\t\t\t\t\t<\/div>\n\t\t\t\t\t\t<\/div>\n\t\t\t\t\t<\/div>\n\t\t\t\t<\/div>\n\t\t<div class=\"elementor-element elementor-element-a5ef63a e-flex e-con-boxed e-con e-parent\" data-id=\"a5ef63a\" data-element_type=\"container\" data-e-type=\"container\">\n\t\t\t\t\t<div class=\"e-con-inner\">\n\t\t\t\t<div class=\"elementor-element elementor-element-8540185 elementor-widget-divider--view-line elementor-widget elementor-widget-divider\" data-id=\"8540185\" data-element_type=\"widget\" data-e-type=\"widget\" data-widget_type=\"divider.default\">\n\t\t\t\t\t\t\t<div class=\"elementor-divider\">\n\t\t\t<span class=\"elementor-divider-separator\">\n\t\t\t\t\t\t<\/span>\n\t\t<\/div>\n\t\t\t\t\t\t<\/div>\n\t\t\t\t<div class=\"elementor-element elementor-element-674d436 elementor-position-left elementor-vertical-align-middle elementor-widget elementor-widget-image-box\" data-id=\"674d436\" data-element_type=\"widget\" data-e-type=\"widget\" data-widget_type=\"image-box.default\">\n\t\t\t\t\t<div class=\"elementor-image-box-wrapper\"><figure class=\"elementor-image-box-img\"><img fetchpriority=\"high\" decoding=\"async\" width=\"1080\" height=\"1350\" src=\"https:\/\/agorafabrics.com\/wp-content\/uploads\/2026\/04\/17.jpg\" class=\"attachment-full size-full wp-image-29053 wvs-archive-product-image\" alt=\"\" loading=\"eager\" srcset=\"https:\/\/agorafabrics.com\/wp-content\/uploads\/2026\/04\/17.jpg 1080w, https:\/\/agorafabrics.com\/wp-content\/uploads\/2026\/04\/17-240x300.jpg 240w, https:\/\/agorafabrics.com\/wp-content\/uploads\/2026\/04\/17-819x1024.jpg 819w, https:\/\/agorafabrics.com\/wp-content\/uploads\/2026\/04\/17-768x960.jpg 768w, https:\/\/agorafabrics.com\/wp-content\/uploads\/2026\/04\/17-600x750.jpg 600w\" sizes=\"(max-width: 1080px) 100vw, 1080px\" \/><\/figure><div class=\"elementor-image-box-content\"><h3 class=\"elementor-image-box-title\">El \"unboxing\" oficial del iF Desing Award<\/h3><p class=\"elementor-image-box-description\">La semana tambi\u00e9n ha estado marcada por el reconocimiento al trabajo de dise\u00f1o con la entrega del <b>iF Design Award<\/b> a <b>Bel\u00e9n Comas<\/b> y <b>Santiago Sevillano<\/b>, un hito que refuerza la apuesta de Agora por el desarrollo de colecciones que combinan innovaci\u00f3n textil y expresi\u00f3n est\u00e9tica.<\/p><\/div><\/div>\t\t\t\t<\/div>\n\t\t\t\t<div class=\"elementor-element elementor-element-afbd0b6 elementor-widget-divider--view-line elementor-widget elementor-widget-divider\" data-id=\"afbd0b6\" data-element_type=\"widget\" data-e-type=\"widget\" data-widget_type=\"divider.default\">\n\t\t\t\t\t\t\t<div class=\"elementor-divider\">\n\t\t\t<span class=\"elementor-divider-separator\">\n\t\t\t\t\t\t<\/span>\n\t\t<\/div>\n\t\t\t\t\t\t<\/div>\n\t\t\t\t\t<\/div>\n\t\t\t\t<\/div>\n\t\t<div class=\"elementor-element elementor-element-d7eff97 e-flex e-con-boxed e-con e-parent\" data-id=\"d7eff97\" data-element_type=\"container\" data-e-type=\"container\">\n\t\t\t\t\t<div class=\"e-con-inner\">\n\t\t\t\t<div class=\"elementor-element elementor-element-7a5a2ae elementor-widget elementor-widget-text-editor\" data-id=\"7a5a2ae\" data-element_type=\"widget\" data-e-type=\"widget\" data-widget_type=\"text-editor.default\">\n\t\t\t\t\t\t\t\t\t<p style=\"text-align: center;\">Con esta participaci\u00f3n, cerramos una edici\u00f3n que ha reforzado nuestra red internacional y nos impulsa a seguir desarrollando soluciones textiles para proyectos contempor\u00e1neos de arquitectura, interiorismo y contract.<\/p>\t\t\t\t\t\t\t\t<\/div>\n\t\t\t\t\t<\/div>\n\t\t\t\t<\/div>\n\t\t\t\t<\/div>\n\t\t","protected":false},"excerpt":{"rendered":"<p>\u00a1AGORA FABRICS EN MIL\u00c1N; ENTRE TEJIDOS, ENCUENTROS Y RECONOCIMIENTOS! Tras una semana de actividad en el Salone del Mobile Milano 2026, en Agora Fabrics hacemos balance de una edici\u00f3n marcada por la proyecci\u00f3n internacional, el intercambio profesional y la presentaci\u00f3n de nuestras \u00faltimas colecciones. Durante los d\u00edas de feria, nuestro stand ha recibido la visita [&hellip;]<\/p>\n","protected":false},"author":2,"featured_media":28943,"comment_status":"closed","ping_status":"closed","sticky":true,"template":"","format":"standard","meta":{"_acf_changed":false,"footnotes":""},"categories":[390],"tags":[],"sin-portada":[863],"class_list":["post-28926","post","type-post","status-publish","format-standard","has-post-thumbnail","hentry","category-trade-shows","sin-portada-desactivar-portada"],"acf":[],"yoast_head":"<!-- This site is optimized with the Yoast SEO plugin v27.5 - https:\/\/yoast.com\/product\/yoast-seo-wordpress\/ -->\n<title>From Salone to Fuorisalone: the Agora Fabrics week in Milan - Agora<\/title>\n<meta name=\"robots\" content=\"index, follow, max-snippet:-1, max-image-preview:large, max-video-preview:-1\" \/>\n<link rel=\"canonical\" href=\"https:\/\/agorafabrics.com\/en\/summary-salone-del-mobile-2026\/\" \/>\n<meta property=\"og:locale\" content=\"en_US\" \/>\n<meta property=\"og:type\" content=\"article\" \/>\n<meta property=\"og:title\" content=\"From Salone to Fuorisalone: the Agora Fabrics week in Milan - Agora\" \/>\n<meta property=\"og:description\" content=\"\u00a1AGORA FABRICS EN MIL\u00c1N; ENTRE TEJIDOS, ENCUENTROS Y RECONOCIMIENTOS! Tras una semana de actividad en el Salone del Mobile Milano 2026, en Agora Fabrics hacemos balance de una edici\u00f3n marcada por la proyecci\u00f3n internacional, el intercambio profesional y la presentaci\u00f3n de nuestras \u00faltimas colecciones. Durante los d\u00edas de feria, nuestro stand ha recibido la visita [&hellip;]\" \/>\n<meta property=\"og:url\" content=\"https:\/\/agorafabrics.com\/en\/summary-salone-del-mobile-2026\/\" \/>\n<meta property=\"og:site_name\" content=\"Agora\" \/>\n<meta property=\"article:publisher\" content=\"https:\/\/www.facebook.com\/agorafabrics\/\" \/>\n<meta property=\"article:published_time\" content=\"2026-04-29T09:16:54+00:00\" \/>\n<meta property=\"article:modified_time\" content=\"2026-04-30T12:37:51+00:00\" \/>\n<meta property=\"og:image\" content=\"https:\/\/agorafabrics.com\/wp-content\/uploads\/2026\/04\/1.jpg\" \/>\n\t<meta property=\"og:image:width\" content=\"1080\" \/>\n\t<meta property=\"og:image:height\" content=\"1350\" \/>\n\t<meta property=\"og:image:type\" content=\"image\/jpeg\" \/>\n<meta name=\"author\" content=\"Agora Fabrics\" \/>\n<meta name=\"twitter:card\" content=\"summary_large_image\" \/>\n<meta name=\"twitter:label1\" content=\"Written by\" \/>\n\t<meta name=\"twitter:data1\" content=\"Agora Fabrics\" \/>\n\t<meta name=\"twitter:label2\" content=\"Est. reading time\" \/>\n\t<meta name=\"twitter:data2\" content=\"2 minutes\" \/>\n<script type=\"application\/ld+json\" class=\"yoast-schema-graph\">{\"@context\":\"https:\\\/\\\/schema.org\",\"@graph\":[{\"@type\":\"Article\",\"@id\":\"https:\\\/\\\/agorafabrics.com\\\/en\\\/summary-salone-del-mobile-2026\\\/#article\",\"isPartOf\":{\"@id\":\"https:\\\/\\\/agorafabrics.com\\\/en\\\/summary-salone-del-mobile-2026\\\/\"},\"author\":{\"name\":\"Agora Fabrics\",\"@id\":\"https:\\\/\\\/agorafabrics.com\\\/en\\\/#\\\/schema\\\/person\\\/ae64a2daaa1a97f36b2fad01f14df23c\"},\"headline\":\"From Salone to Fuorisalone: the Agora Fabrics week in Milan\",\"datePublished\":\"2026-04-29T09:16:54+00:00\",\"dateModified\":\"2026-04-30T12:37:51+00:00\",\"mainEntityOfPage\":{\"@id\":\"https:\\\/\\\/agorafabrics.com\\\/en\\\/summary-salone-del-mobile-2026\\\/\"},\"wordCount\":339,\"publisher\":{\"@id\":\"https:\\\/\\\/agorafabrics.com\\\/en\\\/#organization\"},\"image\":{\"@id\":\"https:\\\/\\\/agorafabrics.com\\\/en\\\/summary-salone-del-mobile-2026\\\/#primaryimage\"},\"thumbnailUrl\":\"https:\\\/\\\/agorafabrics.com\\\/wp-content\\\/uploads\\\/2026\\\/04\\\/1.jpg\",\"articleSection\":[\"Trade Shows\"],\"inLanguage\":\"en-US\"},{\"@type\":\"WebPage\",\"@id\":\"https:\\\/\\\/agorafabrics.com\\\/en\\\/summary-salone-del-mobile-2026\\\/\",\"url\":\"https:\\\/\\\/agorafabrics.com\\\/en\\\/summary-salone-del-mobile-2026\\\/\",\"name\":\"From Salone to Fuorisalone: the Agora Fabrics week in Milan - Agora\",\"isPartOf\":{\"@id\":\"https:\\\/\\\/agorafabrics.com\\\/en\\\/#website\"},\"primaryImageOfPage\":{\"@id\":\"https:\\\/\\\/agorafabrics.com\\\/en\\\/summary-salone-del-mobile-2026\\\/#primaryimage\"},\"image\":{\"@id\":\"https:\\\/\\\/agorafabrics.com\\\/en\\\/summary-salone-del-mobile-2026\\\/#primaryimage\"},\"thumbnailUrl\":\"https:\\\/\\\/agorafabrics.com\\\/wp-content\\\/uploads\\\/2026\\\/04\\\/1.jpg\",\"datePublished\":\"2026-04-29T09:16:54+00:00\",\"dateModified\":\"2026-04-30T12:37:51+00:00\",\"breadcrumb\":{\"@id\":\"https:\\\/\\\/agorafabrics.com\\\/en\\\/summary-salone-del-mobile-2026\\\/#breadcrumb\"},\"inLanguage\":\"en-US\",\"potentialAction\":[{\"@type\":\"ReadAction\",\"target\":[\"https:\\\/\\\/agorafabrics.com\\\/en\\\/summary-salone-del-mobile-2026\\\/\"]}]},{\"@type\":\"ImageObject\",\"inLanguage\":\"en-US\",\"@id\":\"https:\\\/\\\/agorafabrics.com\\\/en\\\/summary-salone-del-mobile-2026\\\/#primaryimage\",\"url\":\"https:\\\/\\\/agorafabrics.com\\\/wp-content\\\/uploads\\\/2026\\\/04\\\/1.jpg\",\"contentUrl\":\"https:\\\/\\\/agorafabrics.com\\\/wp-content\\\/uploads\\\/2026\\\/04\\\/1.jpg\",\"width\":1080,\"height\":1350},{\"@type\":\"BreadcrumbList\",\"@id\":\"https:\\\/\\\/agorafabrics.com\\\/en\\\/summary-salone-del-mobile-2026\\\/#breadcrumb\",\"itemListElement\":[{\"@type\":\"ListItem\",\"position\":1,\"name\":\"Portada\",\"item\":\"https:\\\/\\\/agorafabrics.com\\\/en\\\/home\\\/\"},{\"@type\":\"ListItem\",\"position\":2,\"name\":\"From Salone to Fuorisalone: the Agora Fabrics week in Milan\"}]},{\"@type\":\"WebSite\",\"@id\":\"https:\\\/\\\/agorafabrics.com\\\/en\\\/#website\",\"url\":\"https:\\\/\\\/agorafabrics.com\\\/en\\\/\",\"name\":\"Agora\",\"description\":\"F\u00e1brica de tejidos y telas para exterior\",\"publisher\":{\"@id\":\"https:\\\/\\\/agorafabrics.com\\\/en\\\/#organization\"},\"potentialAction\":[{\"@type\":\"SearchAction\",\"target\":{\"@type\":\"EntryPoint\",\"urlTemplate\":\"https:\\\/\\\/agorafabrics.com\\\/en\\\/?s={search_term_string}\"},\"query-input\":{\"@type\":\"PropertyValueSpecification\",\"valueRequired\":true,\"valueName\":\"search_term_string\"}}],\"inLanguage\":\"en-US\"},{\"@type\":\"Organization\",\"@id\":\"https:\\\/\\\/agorafabrics.com\\\/en\\\/#organization\",\"name\":\"Agora Fabrics\",\"url\":\"https:\\\/\\\/agorafabrics.com\\\/en\\\/\",\"logo\":{\"@type\":\"ImageObject\",\"inLanguage\":\"en-US\",\"@id\":\"https:\\\/\\\/agorafabrics.com\\\/en\\\/#\\\/schema\\\/logo\\\/image\\\/\",\"url\":\"https:\\\/\\\/agorafabrics.com\\\/wp-content\\\/uploads\\\/2024\\\/07\\\/Agora-Logo.jpg\",\"contentUrl\":\"https:\\\/\\\/agorafabrics.com\\\/wp-content\\\/uploads\\\/2024\\\/07\\\/Agora-Logo.jpg\",\"width\":2292,\"height\":756,\"caption\":\"Agora Fabrics\"},\"image\":{\"@id\":\"https:\\\/\\\/agorafabrics.com\\\/en\\\/#\\\/schema\\\/logo\\\/image\\\/\"},\"sameAs\":[\"https:\\\/\\\/www.facebook.com\\\/agorafabrics\\\/\",\"https:\\\/\\\/www.instagram.com\\\/agorafabrics\\\/\",\"https:\\\/\\\/www.linkedin.com\\\/company\\\/tuvatextil\\\/\",\"https:\\\/\\\/vimeo.com\\\/user139090508\",\"https:\\\/\\\/www.youtube.com\\\/channel\\\/UC6iNTVqBR6UsJBzO5OZTymw\",\"https:\\\/\\\/www.pinterest.es\\\/agorafabrics\\\/\"]},{\"@type\":\"Person\",\"@id\":\"https:\\\/\\\/agorafabrics.com\\\/en\\\/#\\\/schema\\\/person\\\/ae64a2daaa1a97f36b2fad01f14df23c\",\"name\":\"Agora Fabrics\",\"image\":{\"@type\":\"ImageObject\",\"inLanguage\":\"en-US\",\"@id\":\"https:\\\/\\\/secure.gravatar.com\\\/avatar\\\/de19380d65cc648fc86cb15b26bc3ba1970506617d628a740205c34cb6b3e595?s=96&d=mm&r=g\",\"url\":\"https:\\\/\\\/secure.gravatar.com\\\/avatar\\\/de19380d65cc648fc86cb15b26bc3ba1970506617d628a740205c34cb6b3e595?s=96&d=mm&r=g\",\"contentUrl\":\"https:\\\/\\\/secure.gravatar.com\\\/avatar\\\/de19380d65cc648fc86cb15b26bc3ba1970506617d628a740205c34cb6b3e595?s=96&d=mm&r=g\",\"caption\":\"Agora Fabrics\"}}]}<\/script>\n<!-- \/ Yoast SEO plugin. -->","yoast_head_json":{"title":"From Salone to Fuorisalone: the Agora Fabrics week in Milan - Agora","robots":{"index":"index","follow":"follow","max-snippet":"max-snippet:-1","max-image-preview":"max-image-preview:large","max-video-preview":"max-video-preview:-1"},"canonical":"https:\/\/agorafabrics.com\/en\/summary-salone-del-mobile-2026\/","og_locale":"en_US","og_type":"article","og_title":"From Salone to Fuorisalone: the Agora Fabrics week in Milan - Agora","og_description":"\u00a1AGORA FABRICS EN MIL\u00c1N; ENTRE TEJIDOS, ENCUENTROS Y RECONOCIMIENTOS! Tras una semana de actividad en el Salone del Mobile Milano 2026, en Agora Fabrics hacemos balance de una edici\u00f3n marcada por la proyecci\u00f3n internacional, el intercambio profesional y la presentaci\u00f3n de nuestras \u00faltimas colecciones. Durante los d\u00edas de feria, nuestro stand ha recibido la visita [&hellip;]","og_url":"https:\/\/agorafabrics.com\/en\/summary-salone-del-mobile-2026\/","og_site_name":"Agora","article_publisher":"https:\/\/www.facebook.com\/agorafabrics\/","article_published_time":"2026-04-29T09:16:54+00:00","article_modified_time":"2026-04-30T12:37:51+00:00","og_image":[{"width":1080,"height":1350,"url":"https:\/\/agorafabrics.com\/wp-content\/uploads\/2026\/04\/1.jpg","type":"image\/jpeg"}],"author":"Agora Fabrics","twitter_card":"summary_large_image","twitter_misc":{"Written by":"Agora Fabrics","Est. reading time":"2 minutes"},"schema":{"@context":"https:\/\/schema.org","@graph":[{"@type":"Article","@id":"https:\/\/agorafabrics.com\/en\/summary-salone-del-mobile-2026\/#article","isPartOf":{"@id":"https:\/\/agorafabrics.com\/en\/summary-salone-del-mobile-2026\/"},"author":{"name":"Agora Fabrics","@id":"https:\/\/agorafabrics.com\/en\/#\/schema\/person\/ae64a2daaa1a97f36b2fad01f14df23c"},"headline":"From Salone to Fuorisalone: the Agora Fabrics week in Milan","datePublished":"2026-04-29T09:16:54+00:00","dateModified":"2026-04-30T12:37:51+00:00","mainEntityOfPage":{"@id":"https:\/\/agorafabrics.com\/en\/summary-salone-del-mobile-2026\/"},"wordCount":339,"publisher":{"@id":"https:\/\/agorafabrics.com\/en\/#organization"},"image":{"@id":"https:\/\/agorafabrics.com\/en\/summary-salone-del-mobile-2026\/#primaryimage"},"thumbnailUrl":"https:\/\/agorafabrics.com\/wp-content\/uploads\/2026\/04\/1.jpg","articleSection":["Trade Shows"],"inLanguage":"en-US"},{"@type":"WebPage","@id":"https:\/\/agorafabrics.com\/en\/summary-salone-del-mobile-2026\/","url":"https:\/\/agorafabrics.com\/en\/summary-salone-del-mobile-2026\/","name":"From Salone to Fuorisalone: the Agora Fabrics week in Milan - Agora","isPartOf":{"@id":"https:\/\/agorafabrics.com\/en\/#website"},"primaryImageOfPage":{"@id":"https:\/\/agorafabrics.com\/en\/summary-salone-del-mobile-2026\/#primaryimage"},"image":{"@id":"https:\/\/agorafabrics.com\/en\/summary-salone-del-mobile-2026\/#primaryimage"},"thumbnailUrl":"https:\/\/agorafabrics.com\/wp-content\/uploads\/2026\/04\/1.jpg","datePublished":"2026-04-29T09:16:54+00:00","dateModified":"2026-04-30T12:37:51+00:00","breadcrumb":{"@id":"https:\/\/agorafabrics.com\/en\/summary-salone-del-mobile-2026\/#breadcrumb"},"inLanguage":"en-US","potentialAction":[{"@type":"ReadAction","target":["https:\/\/agorafabrics.com\/en\/summary-salone-del-mobile-2026\/"]}]},{"@type":"ImageObject","inLanguage":"en-US","@id":"https:\/\/agorafabrics.com\/en\/summary-salone-del-mobile-2026\/#primaryimage","url":"https:\/\/agorafabrics.com\/wp-content\/uploads\/2026\/04\/1.jpg","contentUrl":"https:\/\/agorafabrics.com\/wp-content\/uploads\/2026\/04\/1.jpg","width":1080,"height":1350},{"@type":"BreadcrumbList","@id":"https:\/\/agorafabrics.com\/en\/summary-salone-del-mobile-2026\/#breadcrumb","itemListElement":[{"@type":"ListItem","position":1,"name":"Portada","item":"https:\/\/agorafabrics.com\/en\/home\/"},{"@type":"ListItem","position":2,"name":"From Salone to Fuorisalone: the Agora Fabrics week in Milan"}]},{"@type":"WebSite","@id":"https:\/\/agorafabrics.com\/en\/#website","url":"https:\/\/agorafabrics.com\/en\/","name":"Agora","description":"F\u00e1brica de tejidos y telas para exterior","publisher":{"@id":"https:\/\/agorafabrics.com\/en\/#organization"},"potentialAction":[{"@type":"SearchAction","target":{"@type":"EntryPoint","urlTemplate":"https:\/\/agorafabrics.com\/en\/?s={search_term_string}"},"query-input":{"@type":"PropertyValueSpecification","valueRequired":true,"valueName":"search_term_string"}}],"inLanguage":"en-US"},{"@type":"Organization","@id":"https:\/\/agorafabrics.com\/en\/#organization","name":"Agora Fabrics","url":"https:\/\/agorafabrics.com\/en\/","logo":{"@type":"ImageObject","inLanguage":"en-US","@id":"https:\/\/agorafabrics.com\/en\/#\/schema\/logo\/image\/","url":"https:\/\/agorafabrics.com\/wp-content\/uploads\/2024\/07\/Agora-Logo.jpg","contentUrl":"https:\/\/agorafabrics.com\/wp-content\/uploads\/2024\/07\/Agora-Logo.jpg","width":2292,"height":756,"caption":"Agora Fabrics"},"image":{"@id":"https:\/\/agorafabrics.com\/en\/#\/schema\/logo\/image\/"},"sameAs":["https:\/\/www.facebook.com\/agorafabrics\/","https:\/\/www.instagram.com\/agorafabrics\/","https:\/\/www.linkedin.com\/company\/tuvatextil\/","https:\/\/vimeo.com\/user139090508","https:\/\/www.youtube.com\/channel\/UC6iNTVqBR6UsJBzO5OZTymw","https:\/\/www.pinterest.es\/agorafabrics\/"]},{"@type":"Person","@id":"https:\/\/agorafabrics.com\/en\/#\/schema\/person\/ae64a2daaa1a97f36b2fad01f14df23c","name":"Agora Fabrics","image":{"@type":"ImageObject","inLanguage":"en-US","@id":"https:\/\/secure.gravatar.com\/avatar\/de19380d65cc648fc86cb15b26bc3ba1970506617d628a740205c34cb6b3e595?s=96&d=mm&r=g","url":"https:\/\/secure.gravatar.com\/avatar\/de19380d65cc648fc86cb15b26bc3ba1970506617d628a740205c34cb6b3e595?s=96&d=mm&r=g","contentUrl":"https:\/\/secure.gravatar.com\/avatar\/de19380d65cc648fc86cb15b26bc3ba1970506617d628a740205c34cb6b3e595?s=96&d=mm&r=g","caption":"Agora Fabrics"}}]}},"_links":{"self":[{"href":"https:\/\/agorafabrics.com\/en\/wp-json\/wp\/v2\/posts\/28926","targetHints":{"allow":["GET"]}}],"collection":[{"href":"https:\/\/agorafabrics.com\/en\/wp-json\/wp\/v2\/posts"}],"about":[{"href":"https:\/\/agorafabrics.com\/en\/wp-json\/wp\/v2\/types\/post"}],"author":[{"embeddable":true,"href":"https:\/\/agorafabrics.com\/en\/wp-json\/wp\/v2\/users\/2"}],"replies":[{"embeddable":true,"href":"https:\/\/agorafabrics.com\/en\/wp-json\/wp\/v2\/comments?post=28926"}],"version-history":[{"count":17,"href":"https:\/\/agorafabrics.com\/en\/wp-json\/wp\/v2\/posts\/28926\/revisions"}],"predecessor-version":[{"id":29162,"href":"https:\/\/agorafabrics.com\/en\/wp-json\/wp\/v2\/posts\/28926\/revisions\/29162"}],"wp:featuredmedia":[{"embeddable":true,"href":"https:\/\/agorafabrics.com\/en\/wp-json\/wp\/v2\/media\/28943"}],"wp:attachment":[{"href":"https:\/\/agorafabrics.com\/en\/wp-json\/wp\/v2\/media?parent=28926"}],"wp:term":[{"taxonomy":"category","embeddable":true,"href":"https:\/\/agorafabrics.com\/en\/wp-json\/wp\/v2\/categories?post=28926"},{"taxonomy":"post_tag","embeddable":true,"href":"https:\/\/agorafabrics.com\/en\/wp-json\/wp\/v2\/tags?post=28926"},{"taxonomy":"sin-portada","embeddable":true,"href":"https:\/\/agorafabrics.com\/en\/wp-json\/wp\/v2\/sin-portada?post=28926"}],"curies":[{"name":"wp","href":"https:\/\/api.w.org\/{rel}","templated":true}]}}